{"id":2269,"date":"2017-05-11T23:09:45","date_gmt":"2017-05-11T21:09:45","guid":{"rendered":"http:\/\/leavicens.com\/?p=2269"},"modified":"2017-05-14T23:14:37","modified_gmt":"2017-05-14T21:14:37","slug":"lea-vicens-me-gustaria-ir-de-frente-templar-rematar-con-belleza-de-alta-escuela","status":"publish","type":"post","link":"https:\/\/leavicens.com\/fr_FR\/lea-vicens-me-gustaria-ir-de-frente-templar-rematar-con-belleza-de-alta-escuela\/","title":{"rendered":"L\u00c9A VICENS \u00abIR DE FRENTE, TEMPLAR, REMATAR CON BELLEZA DE ALTA ESCUELA\u00bb"},"content":{"rendered":"<h6 style=\"text-align: left;\"><strong>Lea Vicens: \u00bb Me gusta ir muy de frente, templar, rematar con la belleza de la alta escuela y siempre con dulzura\u00bb<\/strong><\/h6>\n<p>11\/05\/2017 <em>Prensa Tauroemoci\u00f3n \/ Burladero.tv<\/em><\/p>\n<p><a href=\"http:\/\/leavicens.com\/lvicens\/wp-content\/uploads\/2017\/05\/fichero_165074_20160814.jpg\"><img loading=\"lazy\" class=\"size-full wp-image-2270 aligncenter\" src=\"http:\/\/leavicens.com\/lvicens\/wp-content\/uploads\/2017\/05\/fichero_165074_20160814.jpg\" alt=\"\" width=\"240\" height=\"159\" \/><\/a><\/p>\n<p style=\"text-align: justify;\"><strong>L\u00e9a, entiendo que su afici\u00f3n al toro y al caballo viene por la tradici\u00f3n que tiene en su zona, la Camarga Francesa&#8230;<\/strong><\/p>\n<p style=\"text-align: justify;\"><em>S\u00ed por supuesto. A los cuatro a\u00f1os mont\u00e9 por primera vez a caballo y digamos que ya no he querido bajar nunca. Nac\u00ed y viv\u00ed entre toros y caballos camargueses y rodeada de buenos jinetes.<\/em><\/p>\n<p style=\"text-align: justify;\"><strong>Actualmente es la \u00fanica amazona que est\u00e1 en los puestos altos del escalaf\u00f3n y en el circuito de ferias importantes, \u00bfse puede decir que est\u00e1 viviendo un sue\u00f1o?<\/strong><\/p>\n<p style=\"text-align: justify;\"><em>S\u00ed, es una historia muy bonita. Creo que no me ha ca\u00eddo encima por casualidad, es el fruto de muchos a\u00f1os de dedicaci\u00f3n, sacrificio y trabajo intensivo. En 2015 y 2016 tuve unas temporadas incre\u00edbles con much\u00edsimos triunfos en plazas buenas y por ello este a\u00f1o tengo la suerte de estar en casi todas las ferias.<\/em><\/p>\n<p style=\"text-align: justify;\"><strong>\u00bfQu\u00e9 objetivos se marca una m\u00e1xima figura como usted?<\/strong><\/p>\n<p style=\"text-align: justify;\"><em>Le agradezco que me llame as\u00ed, pero todav\u00eda me falta bastante nivel para poder ser m\u00e1xima figura. Mi objetivo es seguir creciendo, triunfando y prepararando m\u00e1s caballos para poder ser de verdad una m\u00e1xima figura.<\/em><\/p>\n<p style=\"text-align: justify;\"><strong>Al mundo del toro se le suele tachar de machista, \u00bfocurre lo mismo en el rejoneo?<\/strong><\/p>\n<p style=\"text-align: justify;\"><em>No, lo creo. Aunque en algunas ocasiones tengo dudas con \u00a0alg\u00fan presidente.<\/em><\/p>\n<p style=\"text-align: justify;\"><strong>Lo dejamos ah\u00ed&#8230;<\/strong><\/p>\n<p style=\"text-align: justify;\"><em>S\u00ed, mejor.<\/em><\/p>\n<p style=\"text-align: justify;\"><strong>Lea Vicens tiene un toreo a caballo muy bonito, con mucho temple y suavidad. Pero defina usted su toreo a caballo.<\/strong><\/p>\n<p style=\"text-align: justify;\"><em>Me gusta ser cl\u00e1sica y a la vez moderna&#8230; Ir muy de frente, templar, rematar con la belleza de la alta escuela y siempre con dulzura.<\/em><\/p>\n<p style=\"text-align: justify;\"><strong>En Osuna se acartela con otra m\u00e1xima figura como Diego Ventura con quien empat\u00f3 en festejos en el escalaf\u00f3n, \u00bfhay rivalidad?<\/strong><\/p>\n<p style=\"text-align: justify;\"><em>Claro que hay rivalidad, pero tenemos dos tauromaquias distintas y una interpretaci\u00f3n del arte del rejoneo diferente.<\/em><\/p>\n<p style=\"text-align: justify;\"><strong>\u00bfQu\u00e9 nombres destacan en la cuadra de Lea Vicens y qu\u00e9 podremos ver en Osuna?<\/strong><\/p>\n<p style=\"text-align: justify;\"><em>Los caballos figuras como Bach, Guitarra, Gacela, B\u00e9tico, Bazuka y novedades como Deseado, Diluvio o Greco. Est\u00e1n a un gran nivel y seguro que la gente que venga a Osuna se divertir\u00e1 y disfrutar\u00e1 de mi cuadra.<\/em><\/p>\n<p style=\"text-align: justify;\"><strong>Muchas gracias y por muchos triunfos m\u00e1s torera.<\/strong><\/p>\n<p style=\"text-align: justify;\"><span style=\"text-decoration: underline;\"><strong>Fuente:<\/strong><\/span>\u00a0http:\/\/www.burladero.tv\/entrevistas\/lea-vicens-gusta-ir-muy-frente-templar-rematar-belleza-alta<\/p>\n<p>&nbsp;<\/p>\n","protected":false},"excerpt":{"rendered":"<p>Lea Vicens: \u00bb Me gusta ir muy de frente, templar, rematar con la belleza de la alta escuela y siempre&#8230;<\/p>\n","protected":false},"author":4,"featured_media":2271,"comment_status":"open","ping_status":"open","sticky":true,"template":"","format":"standard","meta":[],"categories":[19,20,1],"tags":[],"_links":{"self":[{"href":"https:\/\/leavicens.com\/fr_FR\/wp-json\/wp\/v2\/posts\/2269"}],"collection":[{"href":"https:\/\/leavicens.com\/fr_FR\/wp-json\/wp\/v2\/posts"}],"about":[{"href":"https:\/\/leavicens.com\/fr_FR\/wp-json\/wp\/v2\/types\/post"}],"author":[{"embeddable":true,"href":"https:\/\/leavicens.com\/fr_FR\/wp-json\/wp\/v2\/users\/4"}],"replies":[{"embeddable":true,"href":"https:\/\/leavicens.com\/fr_FR\/wp-json\/wp\/v2\/comments?post=2269"}],"version-history":[{"count":3,"href":"https:\/\/leavicens.com\/fr_FR\/wp-json\/wp\/v2\/posts\/2269\/revisions"}],"predecessor-version":[{"id":2274,"href":"https:\/\/leavicens.com\/fr_FR\/wp-json\/wp\/v2\/posts\/2269\/revisions\/2274"}],"wp:featuredmedia":[{"embeddable":true,"href":"https:\/\/leavicens.com\/fr_FR\/wp-json\/wp\/v2\/media\/2271"}],"wp:attachment":[{"href":"https:\/\/leavicens.com\/fr_FR\/wp-json\/wp\/v2\/media?parent=2269"}],"wp:term":[{"taxonomy":"category","embeddable":true,"href":"https:\/\/leavicens.com\/fr_FR\/wp-json\/wp\/v2\/categories?post=2269"},{"taxonomy":"post_tag","embeddable":true,"href":"https:\/\/leavicens.com\/fr_FR\/wp-json\/wp\/v2\/tags?post=2269"}],"curies":[{"name":"wp","href":"https:\/\/api.w.org\/{rel}","templated":true}]}}