{"id":2390,"date":"2017-06-25T15:27:49","date_gmt":"2017-06-25T13:27:49","guid":{"rendered":"http:\/\/leavicens.com\/?p=2390"},"modified":"2017-06-27T17:07:50","modified_gmt":"2017-06-27T15:07:50","slug":"lea-vicens-historico-indulto-a-culebrito-del-capea-en-istres","status":"publish","type":"post","link":"https:\/\/leavicens.com\/fr_FR\/lea-vicens-historico-indulto-a-culebrito-del-capea-en-istres\/","title":{"rendered":"L\u00c9A VICENS, EN ISTRES, HIST\u00d3RICO INDULTO A &#8216;CULEBRITO&#8217; DEL CAPEA"},"content":{"rendered":"<p><strong>EL INDULTO DE &#8216;CULEBRITO&#8217; EN IM\u00c1GENES<\/strong><\/p>\n<p><span style=\"text-decoration: underline;\">Por:<\/span>\u00a0<b>Tony Br\u00e9ban y J. Messina<\/b><\/p>\n<p><span style=\"text-decoration: underline;\">Fotos:<\/span> <strong>Aplausos &#8211;<\/strong> <strong>Daniel Chicot<\/strong> <em>(Tablilla anunciadora y Palco presidencial) \u00a0<\/em><\/p>\n<p><strong>\u00a0\u00a0\u00a0\u00a0<a href=\"http:\/\/leavicens.com\/lvicens\/wp-content\/uploads\/2017\/06\/WhatsApp-Image-2017-06-26-at-12.36.58.jpeg\"><img loading=\"lazy\" class=\"size-medium wp-image-2413 alignleft\" src=\"http:\/\/leavicens.com\/lvicens\/wp-content\/uploads\/2017\/06\/WhatsApp-Image-2017-06-26-at-12.36.58-300x200.jpeg\" alt=\"\" width=\"300\" height=\"200\" \/><\/a>\u00a0<a href=\"http:\/\/leavicens.com\/lvicens\/wp-content\/uploads\/2017\/06\/WhatsApp-Image-2017-06-26-at-20.44.03.jpeg\"><img loading=\"lazy\" class=\"size-medium wp-image-2414 alignright\" src=\"http:\/\/leavicens.com\/lvicens\/wp-content\/uploads\/2017\/06\/WhatsApp-Image-2017-06-26-at-20.44.03-300x200.jpeg\" alt=\"\" width=\"300\" height=\"200\" \/><\/a><\/strong><\/p>\n<p>&nbsp;<\/p>\n<p>&nbsp;<\/p>\n<p>&nbsp;<\/p>\n<p>&nbsp;<\/p>\n<p>&nbsp;<\/p>\n<p><a href=\"http:\/\/leavicens.com\/lvicens\/wp-content\/uploads\/2017\/06\/WhatsApp-Image-2017-06-26-at-20.44.14.jpeg\"><img loading=\"lazy\" class=\"size-medium wp-image-2415 alignleft\" src=\"http:\/\/leavicens.com\/lvicens\/wp-content\/uploads\/2017\/06\/WhatsApp-Image-2017-06-26-at-20.44.14-300x200.jpeg\" alt=\"\" width=\"300\" height=\"200\" \/><\/a><\/p>\n<p><a href=\"http:\/\/leavicens.com\/lvicens\/wp-content\/uploads\/2017\/06\/WhatsApp-Image-2017-06-26-at-20.44.28.jpeg\"><img loading=\"lazy\" class=\"size-medium wp-image-2416 alignright\" src=\"http:\/\/leavicens.com\/lvicens\/wp-content\/uploads\/2017\/06\/WhatsApp-Image-2017-06-26-at-20.44.28-300x200.jpeg\" alt=\"\" width=\"300\" height=\"200\" \/><\/a><\/p>\n<p>&nbsp;<\/p>\n<p>&nbsp;<\/p>\n<p>&nbsp;<\/p>\n<p>&nbsp;<\/p>\n<p>&nbsp;<\/p>\n<p>&nbsp;<\/p>\n<p><a href=\"http:\/\/leavicens.com\/lvicens\/wp-content\/uploads\/2017\/06\/Indulto-6-1.jpg\"><img loading=\"lazy\" class=\"size-medium wp-image-2432 alignright\" src=\"http:\/\/leavicens.com\/lvicens\/wp-content\/uploads\/2017\/06\/Indulto-6-1-300x200.jpg\" alt=\"\" width=\"300\" height=\"200\" \/><\/a><a href=\"http:\/\/leavicens.com\/lvicens\/wp-content\/uploads\/2017\/06\/2017-06-25-ISTRES-M-CHICOT-305-1.jpg\"><img loading=\"lazy\" class=\"size-medium wp-image-2434 alignleft\" src=\"http:\/\/leavicens.com\/lvicens\/wp-content\/uploads\/2017\/06\/2017-06-25-ISTRES-M-CHICOT-305-1-300x200.jpg\" alt=\"\" width=\"300\" height=\"200\" \/><\/a><\/p>\n<p>&nbsp;<\/p>\n<p>&nbsp;<\/p>\n<p>&nbsp;<\/p>\n<p>&nbsp;<\/p>\n<p>&nbsp;<\/p>\n<p>&nbsp;<\/p>\n<p><a href=\"http:\/\/leavicens.com\/lvicens\/wp-content\/uploads\/2017\/06\/WhatsApp-Image-2017-06-26-at-20.45.03.jpeg\"><img loading=\"lazy\" class=\"size-medium wp-image-2417 aligncenter\" src=\"http:\/\/leavicens.com\/lvicens\/wp-content\/uploads\/2017\/06\/WhatsApp-Image-2017-06-26-at-20.45.03-300x200.jpeg\" alt=\"\" width=\"300\" height=\"200\" \/><\/a><\/p>\n<p><strong>L\u00e9a Vicens, hace hist\u00f3ria al indultar un toro de El Capea en Istres. El sexto, de nombre \u2018Culebrito\u2019, fue indultado tras una faena cumbre. L\u00e9a Vicens, fue premiada con dos orejas y rabo &#8216;simb\u00f3licos&#8217;.<\/strong><\/p>\n<p style=\"text-align: justify;\">Hist\u00f3rico triunfo de <strong>L\u00e9a Vicens<\/strong> en la plaza de toros de <strong>Istres<\/strong> (Francia), donde se concedi\u00f3 el indulto, a un toro de la ganader\u00eda de <strong>El Capea. L\u00e9a Vicens<\/strong> cort\u00f3 cinco orejas y un rabo redondeando una ma\u00f1ana plet\u00f3rica. El astado del<strong> Capea, <\/strong>de nombre<strong> \u2018Culebrito\u2019, <\/strong>fue indultado por la rejoneadora francesa que lo bord\u00f3 ante el excelente ejemplar que cerraba el \u2018Mano a Mano\u2019 con<strong> Pablo Hermoso de Mendoza.<\/strong><\/p>\n<p>&nbsp;<\/p>\n<p>&nbsp;<\/p>\n<p>&nbsp;<\/p>\n<p>&nbsp;<\/p>\n<p>&nbsp;<\/p>\n<p>&nbsp;<\/p>\n<p>&nbsp;<\/p>\n<p>&nbsp;<\/p>\n<p>&nbsp;<\/p>\n<p>&nbsp;<\/p>\n<p>&nbsp;<\/p>\n<p>&nbsp;<\/p>\n<p>&nbsp;<\/p>\n<p>&nbsp;<\/p>\n<p>&nbsp;<\/p>\n","protected":false},"excerpt":{"rendered":"<p>EL INDULTO DE &#8216;CULEBRITO&#8217; EN IM\u00c1GENES Por:\u00a0Tony Br\u00e9ban y J. Messina Fotos: Aplausos &#8211; Daniel Chicot (Tablilla anunciadora y Palco&#8230;<\/p>\n","protected":false},"author":4,"featured_media":2422,"comment_status":"open","ping_status":"open","sticky":true,"template":"","format":"standard","meta":[],"categories":[20,1],"tags":[],"_links":{"self":[{"href":"https:\/\/leavicens.com\/fr_FR\/wp-json\/wp\/v2\/posts\/2390"}],"collection":[{"href":"https:\/\/leavicens.com\/fr_FR\/wp-json\/wp\/v2\/posts"}],"about":[{"href":"https:\/\/leavicens.com\/fr_FR\/wp-json\/wp\/v2\/types\/post"}],"author":[{"embeddable":true,"href":"https:\/\/leavicens.com\/fr_FR\/wp-json\/wp\/v2\/users\/4"}],"replies":[{"embeddable":true,"href":"https:\/\/leavicens.com\/fr_FR\/wp-json\/wp\/v2\/comments?post=2390"}],"version-history":[{"count":12,"href":"https:\/\/leavicens.com\/fr_FR\/wp-json\/wp\/v2\/posts\/2390\/revisions"}],"predecessor-version":[{"id":2435,"href":"https:\/\/leavicens.com\/fr_FR\/wp-json\/wp\/v2\/posts\/2390\/revisions\/2435"}],"wp:featuredmedia":[{"embeddable":true,"href":"https:\/\/leavicens.com\/fr_FR\/wp-json\/wp\/v2\/media\/2422"}],"wp:attachment":[{"href":"https:\/\/leavicens.com\/fr_FR\/wp-json\/wp\/v2\/media?parent=2390"}],"wp:term":[{"taxonomy":"category","embeddable":true,"href":"https:\/\/leavicens.com\/fr_FR\/wp-json\/wp\/v2\/categories?post=2390"},{"taxonomy":"post_tag","embeddable":true,"href":"https:\/\/leavicens.com\/fr_FR\/wp-json\/wp\/v2\/tags?post=2390"}],"curies":[{"name":"wp","href":"https:\/\/api.w.org\/{rel}","templated":true}]}}