{"id":2441,"date":"2017-06-29T23:48:00","date_gmt":"2017-06-29T21:48:00","guid":{"rendered":"http:\/\/leavicens.com\/?p=2441"},"modified":"2017-06-30T10:11:49","modified_gmt":"2017-06-30T08:11:49","slug":"lea-vicens-debutara-en-las-colombinas-de-huelva","status":"publish","type":"post","link":"https:\/\/leavicens.com\/fr_FR\/lea-vicens-debutara-en-las-colombinas-de-huelva\/","title":{"rendered":"L\u00c9A VICENS, DEBUTAR\u00c1 EN LAS COLOMBINAS DE HUELVA"},"content":{"rendered":"<p style=\"text-align: justify;\">La\u00a0<strong>Feria de Colombinas de Huelva<\/strong>\u00a0ha sido presentada hoy, jueves 29 de junio, por parte de la empresa en el\u00a0Patio Central del Ayuntamiento<strong>\u00a0<\/strong>onubense.\u00a0<strong>Dos corridas de toros, una novillada picada y una corrida de rejones componen el abono.<\/strong>\u00a0En el acto estuvieron presentes los propios empresarios\u00a0<strong>Carlos Perera<\/strong>\u00a0y<strong>\u00a0\u00d3scar Polo<\/strong>, el Alcalde de la Ciudad\u00a0<strong>Gabriel Cruz\u00a0<\/strong>y las m\u00e1ximas autoridades civiles y militares de la provincia.<\/p>\n<p style=\"text-align: justify;\">El patio central del consistorio onubense, ha sido el lugar escogido por parte de la empresa de\u00a0<strong>La Merced<\/strong>\u00a0para dar a conocer los carteles oficiales de las pr\u00f3ximas\u00a0<strong>Colombinas 2017<\/strong>.<\/p>\n<p style=\"text-align: justify;\">El empresario\u00a0<strong>Carlos Pereda<\/strong>\u00a0ha afirmado que\u00a0<strong>\u00abEstos carteles son una feria muy compensada y atractiva para todos los p\u00fablicos y aficionados. Una Feria con cuatro festejos, que mantiene la calidad como su mayor excelencia y tambi\u00e9n destaco, el debut de la figura de L\u00e9a Vicens en la corrida de rejones, por su amplio historial de triunfos y ascensi\u00f3n constante a lo m\u00e1s alto del toreo a caballo\u201d. <\/strong><\/p>\n<p style=\"text-align: justify;\">El cartel anunciador es obra de\u00a0Lola Raimundo\u00a0y hace referencia al\u00a0525 Aniversario del descubrimiento de Am\u00e9rica.<\/p>\n<p style=\"text-align: justify;\"><strong><em><u>6 DE AGOSTO:<\/u><\/em><\/strong><\/p>\n<p style=\"text-align: justify;\">Toros de Los\u00a0<strong>Espartales\u00a0<\/strong>para\u00a0<strong>Pablo Hermoso de Mendoza,<\/strong>\u00a0<strong>Andr\u00e9s Romero<\/strong>\u00a0y\u00a0<strong>L\u00e9a Vicens.\u00a0<\/strong><\/p>\n","protected":false},"excerpt":{"rendered":"<p>La\u00a0Feria de Colombinas de Huelva\u00a0ha sido presentada hoy, jueves 29 de junio, por parte de la empresa en el\u00a0Patio Central&#8230;<\/p>\n","protected":false},"author":4,"featured_media":2442,"comment_status":"open","ping_status":"open","sticky":true,"template":"","format":"standard","meta":[],"categories":[20,1],"tags":[],"_links":{"self":[{"href":"https:\/\/leavicens.com\/fr_FR\/wp-json\/wp\/v2\/posts\/2441"}],"collection":[{"href":"https:\/\/leavicens.com\/fr_FR\/wp-json\/wp\/v2\/posts"}],"about":[{"href":"https:\/\/leavicens.com\/fr_FR\/wp-json\/wp\/v2\/types\/post"}],"author":[{"embeddable":true,"href":"https:\/\/leavicens.com\/fr_FR\/wp-json\/wp\/v2\/users\/4"}],"replies":[{"embeddable":true,"href":"https:\/\/leavicens.com\/fr_FR\/wp-json\/wp\/v2\/comments?post=2441"}],"version-history":[{"count":1,"href":"https:\/\/leavicens.com\/fr_FR\/wp-json\/wp\/v2\/posts\/2441\/revisions"}],"predecessor-version":[{"id":2443,"href":"https:\/\/leavicens.com\/fr_FR\/wp-json\/wp\/v2\/posts\/2441\/revisions\/2443"}],"wp:featuredmedia":[{"embeddable":true,"href":"https:\/\/leavicens.com\/fr_FR\/wp-json\/wp\/v2\/media\/2442"}],"wp:attachment":[{"href":"https:\/\/leavicens.com\/fr_FR\/wp-json\/wp\/v2\/media?parent=2441"}],"wp:term":[{"taxonomy":"category","embeddable":true,"href":"https:\/\/leavicens.com\/fr_FR\/wp-json\/wp\/v2\/categories?post=2441"},{"taxonomy":"post_tag","embeddable":true,"href":"https:\/\/leavicens.com\/fr_FR\/wp-json\/wp\/v2\/tags?post=2441"}],"curies":[{"name":"wp","href":"https:\/\/api.w.org\/{rel}","templated":true}]}}