{"id":2451,"date":"2017-07-04T15:05:30","date_gmt":"2017-07-04T13:05:30","guid":{"rendered":"http:\/\/leavicens.com\/?p=2451"},"modified":"2017-07-04T20:07:15","modified_gmt":"2017-07-04T18:07:15","slug":"lea-vicens-cerrara-la-feria-de-malaga","status":"publish","type":"post","link":"https:\/\/leavicens.com\/fr_FR\/lea-vicens-cerrara-la-feria-de-malaga\/","title":{"rendered":"L\u00c9A VICENS, CERRAR\u00c1 LA FERIA DE M\u00c1LAGA"},"content":{"rendered":"<p style=\"text-align: center;\"><strong>\u00abL\u00e9a Vicens, cerrar\u00e1 una gran Feria de M\u00e1laga\u00bb\u00a0<\/strong><\/p>\n<p style=\"text-align: justify;\">La empresa <strong>Toros del Mediterr\u00e1neo<\/strong> ha presentado este mediod\u00eda los carteles de la <strong>Feria de M\u00e1laga 2017<\/strong> en los salones del Gran Hotel Miramar de esta ciudad.<\/p>\n<p style=\"text-align: justify;\">La feria ir\u00e1 del 12 al 20 de agosto y se compone de <strong>siete corridas de toros, un festejo de rejones y una novillada picada.<\/strong> Tambi\u00e9n fueron dados a conocer los carteles del XII Certamen Internacional de Escuelas Taurinas &#8216;La Malagueta&#8217;.<\/p>\n<p style=\"text-align: justify;\">El acto cont\u00f3 con la presencia de numerosas personalidades de la sociedad civil y del mundo del toro malague\u00f1o, as\u00ed como de una amplia representaci\u00f3n pol\u00edtica encabezada por el Presidente de la Diputaci\u00f3n, El\u00edas Bendodo Benasayag; el Alcalde de M\u00e1laga, Francisco de la Torre, y el Delegado del Gobierno de la Junta de Andaluc\u00eda, Jos\u00e9 Luis Ruiz Espejo. Adem\u00e1s asistieron\u00a0V\u00edctor Gonzalez, Diputado de Turismo, y Javier Gonz\u00e1lez de Lara, presidente de CEM, entre otros.<\/p>\n<p style=\"text-align: justify;\">Por parte de Toros del Mediterr\u00e1neo asistieron\u00a0<strong>Sim\u00f3n Casas,\u00a0Ram\u00f3n Valencia,\u00a0Manuel Mart\u00ednez Erice,\u00a0Jos\u00e9 Luis Mart\u00edn Lorca\u00a0y\u00a0Jos\u00e9 Carlos Escribano. Sim\u00f3n Casas<\/strong>\u00a0y\u00a0<strong>Jos\u00e9 Carlos Escribano<\/strong>\u00a0actuaron como portavoces de la empresa. El primero de ellos destaco en su discurso que <strong>\u00abTodos los artes tienen sus escenarios y no hay un escenario m\u00e1s bello que M\u00e1laga<\/strong>. <strong>Cerrar\u00e1 la feria el festejo de rejones con la \u00e9lite del toreo a caballo\u00bb.<\/strong><\/p>\n<p style=\"text-align: justify;\"><strong><u>Domingo 20 de agosto:<\/u><\/strong><\/p>\n<p style=\"text-align: justify;\">Corrida de rejones: Toros de Luis Terr\u00f3n para, Sergio Gal\u00e1n, Diego Ventura y <strong>Lea Vicens.<\/strong><\/p>\n<p><a href=\"http:\/\/leavicens.com\/lvicens\/wp-content\/uploads\/2017\/07\/Cartel-M--laga.jpg\"><img loading=\"lazy\" class=\"size-medium wp-image-2452 aligncenter\" src=\"http:\/\/leavicens.com\/lvicens\/wp-content\/uploads\/2017\/07\/Cartel-M--laga-149x300.jpg\" alt=\"\" width=\"149\" height=\"300\" \/><\/a><\/p>\n","protected":false},"excerpt":{"rendered":"<p>\u00abL\u00e9a Vicens, cerrar\u00e1 una gran Feria de M\u00e1laga\u00bb\u00a0 La empresa Toros del Mediterr\u00e1neo ha presentado este mediod\u00eda los carteles de&#8230;<\/p>\n","protected":false},"author":4,"featured_media":2453,"comment_status":"open","ping_status":"open","sticky":true,"template":"","format":"standard","meta":[],"categories":[20,1],"tags":[],"_links":{"self":[{"href":"https:\/\/leavicens.com\/fr_FR\/wp-json\/wp\/v2\/posts\/2451"}],"collection":[{"href":"https:\/\/leavicens.com\/fr_FR\/wp-json\/wp\/v2\/posts"}],"about":[{"href":"https:\/\/leavicens.com\/fr_FR\/wp-json\/wp\/v2\/types\/post"}],"author":[{"embeddable":true,"href":"https:\/\/leavicens.com\/fr_FR\/wp-json\/wp\/v2\/users\/4"}],"replies":[{"embeddable":true,"href":"https:\/\/leavicens.com\/fr_FR\/wp-json\/wp\/v2\/comments?post=2451"}],"version-history":[{"count":2,"href":"https:\/\/leavicens.com\/fr_FR\/wp-json\/wp\/v2\/posts\/2451\/revisions"}],"predecessor-version":[{"id":2455,"href":"https:\/\/leavicens.com\/fr_FR\/wp-json\/wp\/v2\/posts\/2451\/revisions\/2455"}],"wp:featuredmedia":[{"embeddable":true,"href":"https:\/\/leavicens.com\/fr_FR\/wp-json\/wp\/v2\/media\/2453"}],"wp:attachment":[{"href":"https:\/\/leavicens.com\/fr_FR\/wp-json\/wp\/v2\/media?parent=2451"}],"wp:term":[{"taxonomy":"category","embeddable":true,"href":"https:\/\/leavicens.com\/fr_FR\/wp-json\/wp\/v2\/categories?post=2451"},{"taxonomy":"post_tag","embeddable":true,"href":"https:\/\/leavicens.com\/fr_FR\/wp-json\/wp\/v2\/tags?post=2451"}],"curies":[{"name":"wp","href":"https:\/\/api.w.org\/{rel}","templated":true}]}}