{"id":2491,"date":"2017-07-20T21:00:05","date_gmt":"2017-07-20T19:00:05","guid":{"rendered":"http:\/\/leavicens.com\/?p=2491"},"modified":"2017-07-21T17:30:49","modified_gmt":"2017-07-21T15:30:49","slug":"lea-vicens-en-cuenca-en-la-champions-del-toreo","status":"publish","type":"post","link":"https:\/\/leavicens.com\/fr_FR\/lea-vicens-en-cuenca-en-la-champions-del-toreo\/","title":{"rendered":"L\u00c9A VICENS, EN CUENCA, EN LA &#8216;CHAMPIONS&#8217; DEL TOREO"},"content":{"rendered":"<p style=\"text-align: justify;\">La empresa\u00a0<strong>Maxitoro<\/strong>\u00a0ha presentado las combinaciones de la pr\u00f3xima\u00a0<strong>Feria de San Juli\u00e1n<\/strong>\u00a0de\u00a0<strong>Cuenca<\/strong>\u00a0que, un a\u00f1o m\u00e1s, podr\u00e1 seguir presumiendo de esa vitola de la \u2018<strong>Champions<\/strong>\u2018 de los toros. <strong>Tres corridas de toros, otra m\u00e1s mixta y un espect\u00e1culo de rejones conforman un abono lleno de alicientes en el que estar\u00e1n las principales figuras del escalaf\u00f3n, <\/strong>as\u00ed como un buen n\u00famero de los nombres propios de lo que va de temporada, contando, adem\u00e1s, con el aliciente torista de un encierro de\u00a0Cebada Gago.<\/p>\n<p style=\"text-align: justify;\">El serial promete emociones fuertes ya desde el primer pase\u00edllo,<\/p>\n<p style=\"text-align: justify;\">adem\u00e1s, tambi\u00e9n los amantes del rejoneo, tendr\u00e1n una cita el martes 29, con\u00a0Andy Cartagena,\u00a0Leonardo<strong>\u00a0<\/strong>Hern\u00e1ndez y\u00a0<strong>Lea Vicens<\/strong>\u00a0como protagonistas.<\/p>\n<p style=\"text-align: justify;\">La empresa, que ha elegido una imagen de<strong>\u00a0Iv\u00e1n Fandi\u00f1o<\/strong>\u00a0como sentido homenaje para ilustrar su carteler\u00eda, ha establecido adem\u00e1s una pol\u00edtica de precios de enorme atractivo con descuentos de hasta el 35 por ciento en algunos de los abonos ofertados.<\/p>\n<p style=\"text-align: justify;\"><em><strong><u>-Martes 29 de agosto:<\/u><\/strong>\u00a0<\/em><\/p>\n<p style=\"text-align: justify;\">Andy Cartagena, Leonardo Hern\u00e1ndez<strong>\u00a0<\/strong>y<strong>\u00a0Lea Vicens <\/strong><\/p>\n<p style=\"text-align: justify;\">Gdra: Castillejo de Huebra<\/p>\n","protected":false},"excerpt":{"rendered":"<p>La empresa\u00a0Maxitoro\u00a0ha presentado las combinaciones de la pr\u00f3xima\u00a0Feria de San Juli\u00e1n\u00a0de\u00a0Cuenca\u00a0que, un a\u00f1o m\u00e1s, podr\u00e1 seguir presumiendo de esa vitola&#8230;<\/p>\n","protected":false},"author":4,"featured_media":2492,"comment_status":"open","ping_status":"open","sticky":true,"template":"","format":"standard","meta":[],"categories":[20,1],"tags":[],"_links":{"self":[{"href":"https:\/\/leavicens.com\/fr_FR\/wp-json\/wp\/v2\/posts\/2491"}],"collection":[{"href":"https:\/\/leavicens.com\/fr_FR\/wp-json\/wp\/v2\/posts"}],"about":[{"href":"https:\/\/leavicens.com\/fr_FR\/wp-json\/wp\/v2\/types\/post"}],"author":[{"embeddable":true,"href":"https:\/\/leavicens.com\/fr_FR\/wp-json\/wp\/v2\/users\/4"}],"replies":[{"embeddable":true,"href":"https:\/\/leavicens.com\/fr_FR\/wp-json\/wp\/v2\/comments?post=2491"}],"version-history":[{"count":3,"href":"https:\/\/leavicens.com\/fr_FR\/wp-json\/wp\/v2\/posts\/2491\/revisions"}],"predecessor-version":[{"id":2497,"href":"https:\/\/leavicens.com\/fr_FR\/wp-json\/wp\/v2\/posts\/2491\/revisions\/2497"}],"wp:featuredmedia":[{"embeddable":true,"href":"https:\/\/leavicens.com\/fr_FR\/wp-json\/wp\/v2\/media\/2492"}],"wp:attachment":[{"href":"https:\/\/leavicens.com\/fr_FR\/wp-json\/wp\/v2\/media?parent=2491"}],"wp:term":[{"taxonomy":"category","embeddable":true,"href":"https:\/\/leavicens.com\/fr_FR\/wp-json\/wp\/v2\/categories?post=2491"},{"taxonomy":"post_tag","embeddable":true,"href":"https:\/\/leavicens.com\/fr_FR\/wp-json\/wp\/v2\/tags?post=2491"}],"curies":[{"name":"wp","href":"https:\/\/api.w.org\/{rel}","templated":true}]}}