{"id":2627,"date":"2017-08-18T23:19:53","date_gmt":"2017-08-18T21:19:53","guid":{"rendered":"http:\/\/leavicens.com\/?p=2627"},"modified":"2017-08-22T17:34:41","modified_gmt":"2017-08-22T15:34:41","slug":"2627-2","status":"publish","type":"post","link":"https:\/\/leavicens.com\/fr_FR\/2627-2\/","title":{"rendered":"L\u00c9A VICENS, PROSIGUE DESCERROJANDO PUERTAS GRANDES. HOY, CIUDAD REAL"},"content":{"rendered":"<p><strong>\u00abL\u00e9a Vicens, prosigue descerrojando las Puertas Grandes del gran circuito\u00bb<\/strong><\/p>\n<p><strong><u>MUNDOTORO<\/u><\/strong><\/p>\n<p><strong>\u00abComienzo de categor\u00eda en Ciudad Real\u00bb<\/strong><\/p>\n<p style=\"text-align: justify;\">\u201cLa primera de la\u00a0<strong>Feria de Ciudad Real<\/strong>\u00a0tuvo un comienzo de categor\u00eda que acab\u00f3 en un rotundo triunfo, con la terna en hombros.\u00a0<strong>Lea Vicens<\/strong>\u00a0tambi\u00e9n realiz\u00f3 una actuaci\u00f3n importante cortando una oreja a cada uno de su lote.<\/p>\n<p style=\"text-align: justify;\">Lleg\u00f3 el turno de\u00a0<strong>Lea Vicens,\u00a0<\/strong>el tercero. Sali\u00f3 un toro algo parado y\u00a0<strong>Lea\u00a0<\/strong>tuvo problemas con el rej\u00f3n de castigo, sin embargo, la francesa entendi\u00f3 a la perfecci\u00f3n al tercero de la tarde para sacar todo lo que ten\u00eda. Lo mejor lo dio en banderillas con un gran\u00a0<strong>\u2018B\u00e9tico\u2019<\/strong>\u00a0con el que fue capaz de templar al animal.<strong>\u00a0<\/strong>Tardo en caer el toro. Fue premiada con una\u00a0<strong>oreja<\/strong>.<\/p>\n<p style=\"text-align: justify;\"><strong>Lea Vicens<\/strong>\u00a0no quiso ser menos y labr\u00f3 una labor de peso, con volumen, dejando verdaderos detalles de torer\u00eda y entrega, que le sirvi\u00f3 para cortar una\u00a0<strong>oreja<\/strong>\u00a0y acompa\u00f1ar a sus compa\u00f1eros en hombros. Como toda la segunda parte de la corrida tambi\u00e9n marc\u00f3 su actuaci\u00f3n el rej\u00f3n de muerte teniendo que descabellar\u201d.<\/p>\n<p><u>Fuente:<\/u> http:\/\/www.mundotoro.com\/noticia\/minuto-de-silencio-por-barcelona\/1340318<\/p>\n<p><strong><u>\u00a0<\/u><\/strong><\/p>\n<p><strong><u>CULTORO<\/u><\/strong><\/p>\n<p><strong>\u201c<\/strong><strong>Triple triunfo para abrir boca\u201d<\/strong><\/p>\n<p style=\"text-align: justify;\"><strong>\u201cLa primera de la<\/strong> <strong>Feria de la Virgen del Prado de Ciudad Real <\/strong>llegaba a la capital manchega en la tarde de este viernes, lidi\u00e1ndose a caballo una corrida del maestro Capea. Pablo Hermoso de Mendoza, Andy Cartagena y <strong>Lea Vicens<\/strong> hac\u00edan el pase\u00edllo frente al encierro charro.<\/p>\n<p style=\"text-align: justify;\">No se lo puso nada f\u00e1cil el lote del Capea a <strong>Lea Vicens<\/strong>, que tuvo que emplearse a fondo para sacar partido, pero las buenas maneras y la buena monta de la amazona calaron en los tendidos.\u00a0Mat\u00f3 de rejonazo y se gan\u00f3 a pulso el m\u00e1s que merecido premio\u201d.<\/p>\n<p><u>Fuente:<\/u> http:\/\/www.cultoro.com\/festejos\/2017\/8\/18\/triple-triunfo-para-abrir-boca-25540.html<\/p>\n<p>&nbsp;<\/p>\n<p><span style=\"text-decoration: underline;\"><strong>LANZA &#8211; DIARIO DE LA MANCHA<\/strong><\/span><\/p>\n<p><strong>Los tres rejoneadores a hombros en Ciudad Real para abrir feria<\/strong><\/p>\n<p style=\"text-align: justify;\">\u201c<strong>Lea Vicens<\/strong> sobresali\u00f3 en la vibrante faena al sexto montando a \u2018<strong><em>B\u00e9tico\u2019,<\/em><\/strong> encelando a su oponente en la grupa de su montura con ritmo ofrecido por la embestida enclasada del toro, y acompasada por la amazona francesa. Igual que le pas\u00f3 a <strong>Hermoso <\/strong>en el cuarto, fall\u00f3 con el descabello. En su primero hubo menos algo de menos ajuste en los embroques y, por ende, menor calado en su actuaci\u00f3n\u201d.<\/p>\n<p style=\"text-align: left;\"><span style=\"text-decoration: underline;\">Fuente:<\/span>\u00a0http:\/\/www.lanzadigital.com\/toros\/los-tres-rejoneadores-hombros-abrir-feria\/#ringtone\/gallery\/post_img_gallery\/3<\/p>\n<p>&nbsp;<\/p>\n<p><strong><u>FICHA DEL FESTEJO:<\/u><\/strong><\/p>\n<p>Plaza de toros de\u00a0Ciudad Real. Primera de feria.<\/p>\n<p>Entrada: M\u00e1s de media plaza.<\/p>\n<p>Corrida de rejones. Toros de El\u00a0Capea\u00a0y\u00a0Carmen Lorenzo<\/p>\n<p>Pablo Hermoso de Mendoza, oreja y oreja<\/p>\n<p>Andy Cartagena, dos orejas y oreja<\/p>\n<p><strong>Lea Vicens,<\/strong> oreja y oreja<\/p>\n<p>&nbsp;<\/p>\n<p>Foto: <u>Por el Pit\u00f3n Derecho \/ V\u00edctor Moya<\/u><\/p>\n","protected":false},"excerpt":{"rendered":"<p>\u00abL\u00e9a Vicens, prosigue descerrojando las Puertas Grandes del gran circuito\u00bb MUNDOTORO \u00abComienzo de categor\u00eda en Ciudad Real\u00bb \u201cLa primera de&#8230;<\/p>\n","protected":false},"author":4,"featured_media":2638,"comment_status":"open","ping_status":"open","sticky":true,"template":"","format":"standard","meta":[],"categories":[20,1],"tags":[],"_links":{"self":[{"href":"https:\/\/leavicens.com\/fr_FR\/wp-json\/wp\/v2\/posts\/2627"}],"collection":[{"href":"https:\/\/leavicens.com\/fr_FR\/wp-json\/wp\/v2\/posts"}],"about":[{"href":"https:\/\/leavicens.com\/fr_FR\/wp-json\/wp\/v2\/types\/post"}],"author":[{"embeddable":true,"href":"https:\/\/leavicens.com\/fr_FR\/wp-json\/wp\/v2\/users\/4"}],"replies":[{"embeddable":true,"href":"https:\/\/leavicens.com\/fr_FR\/wp-json\/wp\/v2\/comments?post=2627"}],"version-history":[{"count":6,"href":"https:\/\/leavicens.com\/fr_FR\/wp-json\/wp\/v2\/posts\/2627\/revisions"}],"predecessor-version":[{"id":2667,"href":"https:\/\/leavicens.com\/fr_FR\/wp-json\/wp\/v2\/posts\/2627\/revisions\/2667"}],"wp:featuredmedia":[{"embeddable":true,"href":"https:\/\/leavicens.com\/fr_FR\/wp-json\/wp\/v2\/media\/2638"}],"wp:attachment":[{"href":"https:\/\/leavicens.com\/fr_FR\/wp-json\/wp\/v2\/media?parent=2627"}],"wp:term":[{"taxonomy":"category","embeddable":true,"href":"https:\/\/leavicens.com\/fr_FR\/wp-json\/wp\/v2\/categories?post=2627"},{"taxonomy":"post_tag","embeddable":true,"href":"https:\/\/leavicens.com\/fr_FR\/wp-json\/wp\/v2\/tags?post=2627"}],"curies":[{"name":"wp","href":"https:\/\/api.w.org\/{rel}","templated":true}]}}