{"id":2640,"date":"2017-08-19T23:58:07","date_gmt":"2017-08-19T21:58:07","guid":{"rendered":"http:\/\/leavicens.com\/?p=2640"},"modified":"2017-08-22T17:14:47","modified_gmt":"2017-08-22T15:14:47","slug":"lea-vicens-oreja-de-peso-en-bilbao-el-rejon-privo-de-mucho-mas","status":"publish","type":"post","link":"https:\/\/leavicens.com\/fr_FR\/lea-vicens-oreja-de-peso-en-bilbao-el-rejon-privo-de-mucho-mas\/","title":{"rendered":"L\u00c9A VICENS, OREJA DE PESO EN BILBAO. EL REJ\u00d3N PRIV\u00d3 DE MUCHO MAS"},"content":{"rendered":"<p>&nbsp;<\/p>\n<p><a href=\"http:\/\/leavicens.com\/lvicens\/wp-content\/uploads\/2017\/08\/ARJ2421.jpg\"><img loading=\"lazy\" class=\"size-medium wp-image-2642 alignright\" src=\"http:\/\/leavicens.com\/lvicens\/wp-content\/uploads\/2017\/08\/ARJ2421-218x300.jpg\" alt=\"\" width=\"218\" height=\"300\" \/><\/a><\/p>\n<p><a href=\"http:\/\/leavicens.com\/lvicens\/wp-content\/uploads\/2017\/08\/104586.jpg\"><img loading=\"lazy\" class=\"size-medium wp-image-2647 alignleft\" src=\"http:\/\/leavicens.com\/lvicens\/wp-content\/uploads\/2017\/08\/104586-300x227.jpg\" alt=\"\" width=\"300\" height=\"227\" \/><\/a><\/p>\n<p>&nbsp;<\/p>\n<p>&nbsp;<\/p>\n<p>&nbsp;<\/p>\n<p>&nbsp;<\/p>\n<p>&nbsp;<\/p>\n<p>&nbsp;<\/p>\n<p>&nbsp;<\/p>\n<p>&nbsp;<\/p>\n<p><span style=\"text-decoration: underline;\"><strong>TAUROLOG\u00cdA<\/strong><\/span><\/p>\n<p style=\"text-align: justify;\"><strong>\u201cEl palco de Vista Alegre establece un bajo nivel para el pa\u00f1uelometro del abono de Bilbao\u00bb<\/strong><\/p>\n<p style=\"text-align: justify;\">Un palco debe ser en primer t\u00e9rmino ecu\u00e1nime para aplicar siempre los mismos criterios. Don Mat\u00edas Gonz\u00e1lez estableci\u00f3 este s\u00e1bado su propio y novedoso nivel de exigencia que aplicar\u00e1 en las Corridas Generales. A tenor de lo visto, con la fiebre de trofeos que sac\u00f3 a relucir, ha bajado much\u00edsimo con respecto a otros momentos. Pero es lo que ha decidido. Sin embargo, pese a este preocupante retroceso, la inauguraci\u00f3n a caballo tuvo momentos de inter\u00e9s, aunque las ovaciones mayores fueran para las acrobacias circenses, que no necesitan de la concesi\u00f3n de orejas para ser admiradas.<\/p>\n<p style=\"text-align: justify;\">No pocas de las disputas infantiles siempre han solido concluir con una frase lapidaria: \u201c<em>Me he quedado con tu cara<\/em>\u201d.\u00a0 Cuando despu\u00e9s de dos horas y media concluy\u00f3 este festejo preliminar de rejones, bien se le podr\u00eda \u00a0decir a Mat\u00edas Gonz\u00e1lez, el Presidente de las corridas, algo m\u00e1s o menos similar: \u201c<em>Matias, nos hemos quedado con la foto de los pa\u00f1uelos que hab\u00eda en los tendidos para que dieras dos orejas<\/em>\u201d. Y en dos ocasiones consecutivas, adem\u00e1s.<\/p>\n<p style=\"text-align: justify;\">Se pierde en la noche de los tiempos la vez anterior que tan pocos<em>\u00a0<\/em>pa\u00f1uelos dieron para tanto. Pero queri\u00e9ndolo no, el Palco ha colocado este s\u00e1bado el list\u00f3n que, si hubiera coherencia, \u00a0ya deber\u00e1 aplicar el resto del abono, ahora que vivimos en la era del\u00a0<em>pa\u00f1uelometro.\u00a0<\/em>Nunca se hab\u00eda discutido tanto y en tantas plazas con los Palcos por el n\u00famero de pa\u00f1uelos al viento.\u00a0<em>Y\u00a0<\/em>puestos a mirar hacia otras, no faltar\u00e1 quien diga<em>: \u201cMat\u00edas quien te ha visto y qui\u00e9n te ve\u201d.\u00a0<\/em>Y es que estaba completamente fuera de tiesto ese fervor orejil que entr\u00f3 en el Palco bilba\u00edno sin el debido fundamento.<\/p>\n<p style=\"text-align: justify;\"><em>\u201cLos primeros momentos verdaderamente vibrantes de la corrida los protagoniz\u00f3 Lea Vicens con el buen 3\u00ba, con un muy logrado tercio de banderillas a lomos de \u201cB\u00e9tico\u201d, un lujo de caballo por estampa y por doma. Luego lo estrope\u00f3 todo a base de pinchar por cuatro veces en el momento cumbre. Se creci\u00f3 ante el que cerraba plaza, uno de los m\u00e1s deslucidos del encierro; pero luego fue capaz de templar con suavidad, elegantemente, en el tercio de banderillas, especialmente con la ya citado \u201cB\u00e9tico\u201d. Se reuni\u00f3 muy bien para clavar la rosa, montando a \u201cGreco\u201d, y lo mat\u00f3 de un rej\u00f3n arriba, a cambio de ver como el toro atropellaba a \u201cEspont\u00e1neo\u201d. Suya fue la quinta oreja de la estad\u00edstica del d\u00eda\u201d. <\/em><\/p>\n<p style=\"text-align: justify;\"><em>Qu\u00e9 desangeladas, qu\u00e9 antiest\u00e9ticas, son esas salidas a hombros por la Puerta Grande, en las que \u00a0los triunfadores van en solitario sobre dos costaleros, que adem\u00e1s siempre suelen ser los de la plantilla habitual, que tambi\u00e9n la hay. La de esta tarde en Vista Alegra era de todo, menos entusiasta. Cu\u00e1nto mejor salir entre las ovaciones del respetable. La imagen resultaba hasta pat\u00e9tica.<\/em><\/p>\n<p><u>Fuente:<\/u> http:\/\/www.taurologia.com\/palco-vista-alegre-establece-bajo-nivel-para&#8211;4920.htm<\/p>\n<p><strong><u>CULTORO<\/u><\/strong><\/p>\n<p><strong>L\u00e9a Vicens, oreja de peso en Bilbao<\/strong><\/p>\n<p style=\"text-align: justify;\">\u201cAl tercero de <strong>Capea<\/strong> lo juzg\u00f3\u00a0<strong>Lea Vicens<\/strong>\u00a0con poder para dejarle dos rejones de castigo a lomos del el\u00e1stico \u2018<strong><em>Bach\u2019<\/em><\/strong>. Y r\u00e1pidamente sac\u00f3 la artiller\u00eda la francesa, porque fue \u2018<strong><em>B\u00e9tico\u2019 <\/em><\/strong>el encargado de meter en cintura en banderillas al toro. Le cost\u00f3 someterlo para clavarlo bajo la grupa, pero le sac\u00f3 el toro ritmo y galope cuando consigui\u00f3 cogerle el temple y mantenerlo en carreras largas. Lleg\u00f3 mucho al tendido con el paso espa\u00f1ol de \u2018<strong><em>B\u00e9tico\u2019<\/em><\/strong> antes de llegar a la cara para clavar. Pero se fue distrayendo cada vez m\u00e1s el de <strong>Capea,<\/strong> y par\u00e1ndose tambi\u00e9n para complicar la labor de <strong>Lea <\/strong>en banderillas. No decay\u00f3 la gala en el esfuerzo ni en la generosidad, ni en poner al caballo de rodillas agradeciendo al tendido su calor. Pero no clav\u00f3 el rej\u00f3n a la hora de la verdad y qued\u00f3 sin premio la rejoneadora.<\/p>\n<p style=\"text-align: justify;\">Cerr\u00f3 la tarde <strong>Lea Vicens<\/strong> cort\u00e1ndole una oreja de peso al sexto, un toro de <strong>Capea<\/strong> que siempre le quiso embestir a las cabalgaduras pero que le sac\u00f3 cierta exigencia para templar las acometidas. Fue con \u2018<strong><em>B\u00e9tico\u2019<\/em><\/strong>, su caballo estrella, con el que consigui\u00f3 los mejores pasajes de una faena que remat\u00f3 con suficiencia con \u2018<strong><em>Espont\u00e1neo\u2019<\/em><\/strong>, despu\u00e9s de dejarle un ajustado carrusel de cortas al animal\u201d.<\/p>\n<p><u>Fuente<\/u>: http:\/\/www.cultoro.com\/festejos\/2017\/8\/19\/magisterio-pablo-conexion-andy-aduenan-tarde-25565.html<\/p>\n<p>&nbsp;<\/p>\n<p><strong><u>MUNDOTORO<\/u><\/strong><\/p>\n<p><strong>L\u00e9a Vicens, remat\u00f3 una faena muy elegante<\/strong><\/p>\n<p style=\"text-align: justify;\">\u201cManse\u00f3 de salida el tercero, de\u00a0<strong>El Capea<\/strong>, y tras dos rejones de castigo<strong>\u00a0Lea Vicens<\/strong>\u00a0trat\u00f3 de encelarlo con<em>\u00a0\u2018<strong>B\u00e9tico\u2019<\/strong><\/em><strong>.<\/strong> Tuvo el toro transmisi\u00f3n cuando persigui\u00f3 a las cabalgaduras\u00a0y <strong>Lea <\/strong>lo bord\u00f3 porque llev\u00f3 cosida la embestida a la grupa en un toreo de costado de mucha emoci\u00f3n y ajuste. Con\u00a0\u2018<em><strong>Bazuka\u2019<\/strong><\/em><strong>\u00a0<\/strong>mantuvo el alto nivel de una actuaci\u00f3n que se qued\u00f3 sin premio por sus fallos con el rej\u00f3n de muerte.<\/p>\n<p style=\"text-align: justify;\">El sexto fue un toro manso que se desentendi\u00f3 de las suertes y al que le cost\u00f3 seguir las cabalgaduras.\u00a0<strong>Lea Vicens\u00a0<\/strong>lo encel\u00f3 muy bien con \u2018<strong><em>B\u00e9tico\u2019<\/em><\/strong>\u00a0en el tercio de banderillas. Luego con \u2018<strong><em>Bazuka\u2019<\/em><\/strong> remat\u00f3 una faena muy elegante en la que brill\u00f3 su doma dentro y fuera de las suertes. Remat\u00f3 el trasteo de un rej\u00f3n trasero y cort\u00f3 una merecida oreja\u201d.<\/p>\n<p><u>Fuente:<\/u> http:\/\/www.mundotoro.com\/noticia\/hermoso-destaca-con-berlin-en-el-primero-del-abono\/1340433<\/p>\n<p>&nbsp;<\/p>\n<p><strong><u>APLAUSOS<\/u><\/strong><\/p>\n<p><strong>Lea Vicens,<\/strong> <strong>volvi\u00f3 a mostrar su elegante concepto del toreo<\/strong><\/p>\n<p style=\"text-align: justify;\">\u201cAnte el poderoso y bravo tercer toro de <strong>Capea,<\/strong> que tuvo pies, movilidad y emoci\u00f3n en su acometida clav\u00f3 los rejones de castigo a lomos de \u2018<strong><em>Bach\u2019.<\/em><\/strong> Lo templ\u00f3 con mucha suavidad haci\u00e9ndolo humillar y sin acusar los dos rejones de castigo luci\u00e9ndose con <strong><em>\u2018B\u00e9tico\u2019<\/em><\/strong> en banderillas y encelando mucho a un toro que repiti\u00f3 con mucha calidad aunque saliera suelto del embroque en alguna ocasi\u00f3n. Transmiti\u00f3 en todo momento por sus bravas embestidas. Buena escuela y doma la de Lea que templ\u00f3 y se gust\u00f3 toreando a dos pistas. Interesante y madura actuaci\u00f3n que conect\u00f3 con el p\u00fablico destacando las banderillas al viol\u00edn. Faena muy madura, aprovechando las condiciones del animal, cambiando los terrenos y aprovechando las querencias. Concluy\u00f3 con \u2018<strong><em>Bazuka\u2019<\/em><\/strong> sacando y dominando al toro en todos los terrenos dej\u00e1ndose llegar el toro, arriesgando. El toro nunca se cans\u00f3 de embestir. Rosa muy reunida a lomos de <strong><em>\u2018Greco\u2019<\/em><\/strong> y fallo con los aceros con <strong><em>\u2018Espontaneo\u2019<\/em><\/strong> que malogra una faena muy completa e interesante. Silencio.<\/p>\n<p style=\"text-align: justify;\">El trofeo que logr\u00f3 <strong>Lea Vicens<\/strong> lleg\u00f3 con el que cerr\u00f3 plaza, un toro m\u00e1s deslucido que el resto de los lidiados, <strong>Lea Vicens<\/strong> volvi\u00f3 a mostrar su elegante concepto del toreo. Un rej\u00f3n de castigo clav\u00f3 en el primer tercio a lomos de <strong><em>\u2018Montecillo\u2019<\/em><\/strong> para lucirse despu\u00e9s con <strong><em>\u2018Gaceta\u2019<\/em><\/strong> y <strong><em>\u2018B\u00e9tico\u2019<\/em><\/strong> en banderillas templando la embestida de la res con clase y suavidad. Se luci\u00f3 nuevamente con \u2018<strong><em>Deseado\u2019 <\/em><\/strong>en los \u00faltimos instantes de la lidia y remat\u00f3 de un rej\u00f3n trasero a lomos de <strong><em>\u2018Espont\u00e1neo\u2019.<\/em><\/strong> Oreja\u201d.<\/p>\n<p><u>Fuente:<\/u> https:\/\/www.aplausos.es\/noticia\/40562\/noticias\/hermoso-de-mendoza-y-andy-cartagena-a-hombros-en-el-primer-festejo-en-bilbao.html<\/p>\n<p>&nbsp;<\/p>\n<p><strong><u>BURLADERO<\/u><\/strong><\/p>\n<p><strong>L\u00e9a Vicens, el rej\u00f3n empa\u00f1a una gran faena<\/strong><\/p>\n<p style=\"text-align: justify;\"><strong>\u201cVeterano<\/strong>, de la ganader\u00eda de <strong>El Capea<\/strong> y 560 kilos de peso el primero del lote de\u00a0<strong>Lea Vicens<\/strong>\u00a0que impone dos\u00a0rejones de castigo. Ejecuta con \u2018<strong><em>B\u00e9tico\u2019 <\/em><\/strong>una serie de carreras laterales que levantan los \u00f3leos del p\u00fablico. Banderillas al viol\u00edn de arte. Remata con \u2018<strong><em>Bazuca\u2019 <\/em><\/strong>al quiebro y con rosa. Nuevamente es el rej\u00f3n de muerte el que empa\u00f1a una gran faena. Ovaci\u00f3n. Cerr\u00f3 festejo la francesa cortando una oreja de su segundo de nombre <strong>Montecillo<\/strong>, de <strong>El Capea<\/strong> y 603 kilos de peso para <strong>Lea Vicens<\/strong> al que impuso\u00a0un \u00fanico rej\u00f3n de castigo. Buenas series en largo y corto al quiebro y es con \u2018<strong><em>B\u00e9tico\u2019<\/em><\/strong> con quien da las mejores escenas de la faena mezclando doma y toreo levantando del p\u00fablico los oles. Faena de arte respetando a un gran toro. Buen rej\u00f3n de muerte y oreja\u201d.<\/p>\n<p><u>Fuente:<\/u> http:\/\/www.burladero.tv\/cronicas\/n-128308-pitos-para-hermoso-mendoza-primero<\/p>\n<p>&nbsp;<\/p>\n<p><strong><u>FICHA DEL FESTEJO<\/u><\/strong><\/p>\n<p>Bilbao, s\u00e1bado 19 de agosto de 2017. Primer festejo de las Corridas Generales.<\/p>\n<p>Entrada: Tres cuartos de plaza.<\/p>\n<p>Reses de los hierros de<strong>\u00a0<\/strong>El Capea\u00a0y\u00a0Carmen Lorenzo, bien presentados de buen juego en l\u00edneas generales.<\/p>\n<p>Hermoso de Mendoza; Silencio y dos orejas;<\/p>\n<p>Andy Cartagena; Silencio y dos orejas;<\/p>\n<p><strong>Lea Vicens;<\/strong> Silencio y oreja.<\/p>\n<p>Incidencias: Antes de empezar el festejo se guard\u00f3 un respetuoso minuto de silencio en recuerdo y homenaje a las v\u00edctimas del atentado perpetrado este pasado jueves en Barcelona y en recuerdo de los heridos y familiares.<\/p>\n<p>Fotos:\u00a0<span style=\"text-decoration: underline;\">Cultoro \/ Emilio M\u00e9ndez &#8211; Aplausos \/ Arjona<\/span><\/p>\n<p>&nbsp;<\/p>\n","protected":false},"excerpt":{"rendered":"<p>&nbsp; &nbsp; &nbsp; &nbsp; &nbsp; &nbsp; &nbsp; &nbsp; &nbsp; TAUROLOG\u00cdA \u201cEl palco de Vista Alegre establece un bajo nivel para&#8230;<\/p>\n","protected":false},"author":4,"featured_media":2648,"comment_status":"open","ping_status":"open","sticky":true,"template":"","format":"standard","meta":[],"categories":[20,1],"tags":[],"_links":{"self":[{"href":"https:\/\/leavicens.com\/fr_FR\/wp-json\/wp\/v2\/posts\/2640"}],"collection":[{"href":"https:\/\/leavicens.com\/fr_FR\/wp-json\/wp\/v2\/posts"}],"about":[{"href":"https:\/\/leavicens.com\/fr_FR\/wp-json\/wp\/v2\/types\/post"}],"author":[{"embeddable":true,"href":"https:\/\/leavicens.com\/fr_FR\/wp-json\/wp\/v2\/users\/4"}],"replies":[{"embeddable":true,"href":"https:\/\/leavicens.com\/fr_FR\/wp-json\/wp\/v2\/comments?post=2640"}],"version-history":[{"count":6,"href":"https:\/\/leavicens.com\/fr_FR\/wp-json\/wp\/v2\/posts\/2640\/revisions"}],"predecessor-version":[{"id":2664,"href":"https:\/\/leavicens.com\/fr_FR\/wp-json\/wp\/v2\/posts\/2640\/revisions\/2664"}],"wp:featuredmedia":[{"embeddable":true,"href":"https:\/\/leavicens.com\/fr_FR\/wp-json\/wp\/v2\/media\/2648"}],"wp:attachment":[{"href":"https:\/\/leavicens.com\/fr_FR\/wp-json\/wp\/v2\/media?parent=2640"}],"wp:term":[{"taxonomy":"category","embeddable":true,"href":"https:\/\/leavicens.com\/fr_FR\/wp-json\/wp\/v2\/categories?post=2640"},{"taxonomy":"post_tag","embeddable":true,"href":"https:\/\/leavicens.com\/fr_FR\/wp-json\/wp\/v2\/tags?post=2640"}],"curies":[{"name":"wp","href":"https:\/\/api.w.org\/{rel}","templated":true}]}}