{"id":2653,"date":"2017-08-20T23:22:53","date_gmt":"2017-08-20T21:22:53","guid":{"rendered":"http:\/\/leavicens.com\/?p=2653"},"modified":"2017-08-22T17:24:38","modified_gmt":"2017-08-22T15:24:38","slug":"lea-vicens-meritoria-oreja-ante-un-mal-lote-en-malaga","status":"publish","type":"post","link":"https:\/\/leavicens.com\/fr_FR\/lea-vicens-meritoria-oreja-ante-un-mal-lote-en-malaga\/","title":{"rendered":"L\u00c9A VICENS, MERITORIA OREJA ANTE UN MAL LOTE EN M\u00c1LAGA"},"content":{"rendered":"<p><a href=\"http:\/\/leavicens.com\/lvicens\/wp-content\/uploads\/2017\/08\/104942.jpg\"><img loading=\"lazy\" class=\"size-medium wp-image-2654 alignleft\" src=\"http:\/\/leavicens.com\/lvicens\/wp-content\/uploads\/2017\/08\/104942-300x200.jpg\" alt=\"\" width=\"300\" height=\"200\" \/><\/a><a href=\"http:\/\/leavicens.com\/lvicens\/wp-content\/uploads\/2017\/08\/104971.jpg\"><img loading=\"lazy\" class=\"size-medium wp-image-2658 alignright\" src=\"http:\/\/leavicens.com\/lvicens\/wp-content\/uploads\/2017\/08\/104971-300x200.jpg\" alt=\"\" width=\"300\" height=\"200\" \/><\/a><\/p>\n<p><a href=\"http:\/\/leavicens.com\/lvicens\/wp-content\/uploads\/2017\/08\/104949.jpg\"><img loading=\"lazy\" class=\"size-medium wp-image-2656 alignleft\" src=\"http:\/\/leavicens.com\/lvicens\/wp-content\/uploads\/2017\/08\/104949-213x300.jpg\" alt=\"\" width=\"213\" height=\"300\" \/><\/a><a href=\"http:\/\/leavicens.com\/lvicens\/wp-content\/uploads\/2017\/08\/104950.jpg\"><img loading=\"lazy\" class=\"size-medium wp-image-2657 alignright\" src=\"http:\/\/leavicens.com\/lvicens\/wp-content\/uploads\/2017\/08\/104950-200x300.jpg\" alt=\"\" width=\"200\" height=\"300\" \/><\/a><\/p>\n<p>&nbsp;<\/p>\n<p>&nbsp;<\/p>\n<p>&nbsp;<\/p>\n<p>&nbsp;<\/p>\n<p>&nbsp;<\/p>\n<p>&nbsp;<\/p>\n<p>&nbsp;<\/p>\n<p>&nbsp;<\/p>\n<p>&nbsp;<\/p>\n<p>&nbsp;<\/p>\n<p>&nbsp;<\/p>\n<p>&nbsp;<\/p>\n<p>&nbsp;<\/p>\n<p>&nbsp;<\/p>\n<p><span style=\"text-decoration: underline;\"><strong>LA OPINI\u00d3N DE M\u00c1LAGA<\/strong><\/span><\/p>\n<p><strong>Lea Vicens se llev\u00f3 el peor lote de la corrida, y \u00fanicamente pudo arrancar una oreja del sexto.<\/strong><\/p>\n<p style=\"text-align: justify;\">\u201cEn su primero, tercero de la tarde, apenas tuvo opciones ya que el toro no sal\u00eda m\u00e1s all\u00e1 de las rayas de picar y ten\u00eda que exponer mucho para poder clavar banderillas con <strong>\u2018B\u00e9tico\u2019.\u00a0<\/strong>Se puso muy complicado el toro a la hora de matar, ya que s\u00f3lo pegaba arreones, sin una embestida continua para hacer una reuni\u00f3n que le permitiera a la rejoneadora dejar el acero definitivo.<\/p>\n<p style=\"text-align: justify;\">En el sexto toro, y \u00faltimo del ciclo malacitano, <strong><em>Lea <\/em><\/strong>expuso a\u00fan m\u00e1s con su cuadra ante otro toro nada f\u00e1cil que tambi\u00e9n se qued\u00f3 muy parado desde que sali\u00f3 al ruedo. Con <strong><em>\u2018Bazuka\u2019<\/em><\/strong> lleg\u00f3 lo m\u00e1s espectacular de la rejoneadora francesa, que hizo varios alardes de doma como ponerlo de rodillas o dar un salto. Tras un buen rej\u00f3n de muerte con r\u00e1pido efecto consigui\u00f3 arrancar una oreja\u201d.<\/p>\n<p style=\"text-align: left;\"><span style=\"text-decoration: underline;\">Fuente:<\/span> http:\/\/www.laopiniondemalaga.es\/luces-feria\/2017\/08\/20\/gran-ventura-abre-ultima-puerta\/950972.html<\/p>\n<p><strong><u>CULTORO<\/u><\/strong><\/p>\n<p><strong>L\u00e9a Vicens, oreja del sexto ante un mal lote. <\/strong><\/p>\n<p style=\"text-align: justify;\"><strong>\u201cLea Vicens<\/strong> par\u00f3 al toro con \u2018<strong><em>Bach\u2019,<\/em><\/strong> clavando dos rejones. En banderillas destac\u00f3 montando a \u2018<strong><em>B\u00e9tico\u2019,<\/em><\/strong> con el que puso tres palos, destacando el tercero al viol\u00edn. Con \u2018<strong><em>Deseado\u2019<\/em><\/strong> clav\u00f3 dos banderillas m\u00e1s, completando una entonada faena, pero pinch\u00f3 y perdi\u00f3 toda posibilidad de triunfo.<\/p>\n<p style=\"text-align: justify;\"><strong>Lea Vicens<\/strong> par\u00f3 al sexto con \u2018<strong>Guitarra\u2019 <\/strong>y se luci\u00f3 en banderillas con \u2018<strong><em>Gacela\u2019.<\/em><\/strong> Cambi\u00f3 a \u2018<strong><em>Bazuka\u2019<\/em><\/strong> y puso dos palos m\u00e1s adorn\u00e1ndose en los cites. Cerr\u00f3 con cortas y esta vez s\u00ed mat\u00f3 a la primera, logrando sumarse al triunfo al cortar la oreja del \u00faltimo toro de la feria\u201d.<\/p>\n<p><u>Fuente:<\/u> http:\/\/www.cultoro.com\/festejos\/2017\/8\/20\/ventura-sale-hombros-galan-cortan-oreja-25582.html<\/p>\n<p><strong><em>\u00a0<\/em><\/strong><\/p>\n<p><strong><u>MUNDOTOTO<\/u><\/strong><\/p>\n<p><strong>\u00a0<\/strong><strong>Lea<\/strong>\u00a0<strong>peor fortuna en el sorteo, con dos toros muy dif\u00edciles de\u00a0Luis Terr\u00f3n<\/strong>.<\/p>\n<p style=\"text-align: justify;\">\u201cUna oreja logr\u00f3 pasear\u00a0<strong>Lea Vicens<\/strong>\u00a0del \u00faltimo de la feria de\u00a0<strong>M\u00e1laga<\/strong>, y fue a base de esfuerzo y constancia ante un toro que complicado, que se raj\u00f3 muy pronto y nunca humill\u00f3. Resolvi\u00f3\u00a0<strong>Lea<\/strong>\u00a0con decisi\u00f3n y consigui\u00f3 cortar un ap\u00e9ndice con fuerte petici\u00f3n.<\/p>\n<p style=\"text-align: justify;\"><strong>Lea Vicens<\/strong>\u00a0salud\u00f3 una ovaci\u00f3n en el tercero de la tarde.\u00a0<strong>\u2018Se\u00f1or\u2019<\/strong>\u00a0de<strong>\u00a0Luis Terr\u00f3n<\/strong>\u00a0no ofreci\u00f3 demasiadas opciones a\u00a0<strong>Lea<\/strong>, que estuvo por encima de su oponente en todo momento\u201d.<\/p>\n<p><u>Fuente:<\/u> http:\/\/www.mundotoro.com\/noticia\/sergio-galan-ventura-y-lea-vicens-al-detalle\/1340593<\/p>\n<p>&nbsp;<\/p>\n<p><strong><u>FICHA DEL FESTEJO<\/u><\/strong><\/p>\n<p>Plaza de toros de La Malagueta. \u00daltima de Feria. Corrida de rejones.<\/p>\n<p>Se lidiaron toros de\u00a0Luis Terr\u00f3n, bien presentados y de juego desigual.<\/p>\n<p>Sergio Gal\u00e1n; Ovaci\u00f3n y oreja.<\/p>\n<p>Diego Ventura; Ovaci\u00f3n y dos orejas.<\/p>\n<p><strong>Lea Vicens<\/strong>; Ovaci\u00f3n y oreja.<\/p>\n<p>&nbsp;<\/p>\n<p>Fotos: <u>Toros del Mediterr\u00e1neo<\/u><\/p>\n<p>&nbsp;<\/p>\n<p>&nbsp;<\/p>\n<p>&nbsp;<\/p>\n<p>&nbsp;<\/p>\n<p>&nbsp;<\/p>\n","protected":false},"excerpt":{"rendered":"<p>&nbsp; &nbsp; &nbsp; &nbsp; &nbsp; &nbsp; &nbsp; &nbsp; &nbsp; &nbsp; &nbsp; &nbsp; &nbsp; &nbsp; LA OPINI\u00d3N DE M\u00c1LAGA Lea Vicens&#8230;<\/p>\n","protected":false},"author":4,"featured_media":2659,"comment_status":"open","ping_status":"open","sticky":true,"template":"","format":"standard","meta":[],"categories":[20,1],"tags":[],"_links":{"self":[{"href":"https:\/\/leavicens.com\/fr_FR\/wp-json\/wp\/v2\/posts\/2653"}],"collection":[{"href":"https:\/\/leavicens.com\/fr_FR\/wp-json\/wp\/v2\/posts"}],"about":[{"href":"https:\/\/leavicens.com\/fr_FR\/wp-json\/wp\/v2\/types\/post"}],"author":[{"embeddable":true,"href":"https:\/\/leavicens.com\/fr_FR\/wp-json\/wp\/v2\/users\/4"}],"replies":[{"embeddable":true,"href":"https:\/\/leavicens.com\/fr_FR\/wp-json\/wp\/v2\/comments?post=2653"}],"version-history":[{"count":3,"href":"https:\/\/leavicens.com\/fr_FR\/wp-json\/wp\/v2\/posts\/2653\/revisions"}],"predecessor-version":[{"id":2666,"href":"https:\/\/leavicens.com\/fr_FR\/wp-json\/wp\/v2\/posts\/2653\/revisions\/2666"}],"wp:featuredmedia":[{"embeddable":true,"href":"https:\/\/leavicens.com\/fr_FR\/wp-json\/wp\/v2\/media\/2659"}],"wp:attachment":[{"href":"https:\/\/leavicens.com\/fr_FR\/wp-json\/wp\/v2\/media?parent=2653"}],"wp:term":[{"taxonomy":"category","embeddable":true,"href":"https:\/\/leavicens.com\/fr_FR\/wp-json\/wp\/v2\/categories?post=2653"},{"taxonomy":"post_tag","embeddable":true,"href":"https:\/\/leavicens.com\/fr_FR\/wp-json\/wp\/v2\/tags?post=2653"}],"curies":[{"name":"wp","href":"https:\/\/api.w.org\/{rel}","templated":true}]}}