{"id":2668,"date":"2017-08-28T20:21:21","date_gmt":"2017-08-28T18:21:21","guid":{"rendered":"http:\/\/leavicens.com\/?p=2668"},"modified":"2017-08-28T20:21:40","modified_gmt":"2017-08-28T18:21:40","slug":"lea-vicens-estara-la-localidad-cacerena-de-peraleda-de-la-mata","status":"publish","type":"post","link":"https:\/\/leavicens.com\/fr_FR\/lea-vicens-estara-la-localidad-cacerena-de-peraleda-de-la-mata\/","title":{"rendered":"LEA VICENS, ESTAR\u00c1 LA LOCALIDAD CACERE\u00d1A DE PERALEDA DE LA MATA"},"content":{"rendered":"<p style=\"text-align: justify;\"><a href=\"http:\/\/leavicens.com\/lvicens\/wp-content\/uploads\/2017\/08\/presentacion-Peraleda-de-la-Mata.jpg\"><img loading=\"lazy\" class=\"size-medium wp-image-2669 aligncenter\" src=\"http:\/\/leavicens.com\/lvicens\/wp-content\/uploads\/2017\/08\/presentacion-Peraleda-de-la-Mata-300x225.jpg\" alt=\"\" width=\"300\" height=\"225\" \/><\/a><\/p>\n<p style=\"text-align: justify;\">\u00a0 \u00a0 \u00a0 \u00a0 \u00a0 \u00a0 \u00a0 \u00a0 \u00a0 \u00a0 \u00a0 \u00a0 \u00a0 \u00a0 \u00a0 \u00a0 \u00a0 \u00a0 \u00a0 \u00a0 \u00a0 \u00a0 \u00a0 \u00a0 \u00a0 \u00a0 Foto: Acto de presentaci\u00f3n del cartel<\/p>\n<p style=\"text-align: justify;\">La localidad cacere\u00f1a de <strong>Peraleda de la Mata, <\/strong>acoger\u00e1 el pr\u00f3ximo <strong>16 de septiembre<\/strong>, con motivo de\u00a0\u00a0 sus tradicionales <strong>Fiestas del Cristo 2017<\/strong> un festejo de rejones<\/p>\n<p style=\"text-align: justify;\">Cabe destacar que <strong>el acto de presentaci\u00f3n<\/strong> del cartel del festejo ha tenido lugar en el<strong> Ayuntamiento de Peraleda de la Mata<\/strong> y a la misma han asistido el teniente de alcalde de la localidad D. Jes\u00fas Miguel D\u00edaz Le\u00f3n, y el taurino y empresario extreme\u00f1o Jorge Serrano, representante de la empresa Espect\u00e1culos Carmelo Garc\u00eda S.L.U, organizadora del festejo.<\/p>\n<p style=\"text-align: justify;\"><strong>El cartel <\/strong>lo forman \u00a0Ra\u00fal Mart\u00edn Burgos, Sergio Gal\u00e1n y <strong>Lea Vicens,<\/strong> ante reses de D. Arcadio Albarr\u00e1n.<\/p>\n","protected":false},"excerpt":{"rendered":"<p>\u00a0 \u00a0 \u00a0 \u00a0 \u00a0 \u00a0 \u00a0 \u00a0 \u00a0 \u00a0 \u00a0 \u00a0 \u00a0 \u00a0 \u00a0 \u00a0 \u00a0 \u00a0 \u00a0 \u00a0&#8230;<\/p>\n","protected":false},"author":4,"featured_media":2670,"comment_status":"open","ping_status":"open","sticky":true,"template":"","format":"standard","meta":[],"categories":[20,1],"tags":[],"_links":{"self":[{"href":"https:\/\/leavicens.com\/fr_FR\/wp-json\/wp\/v2\/posts\/2668"}],"collection":[{"href":"https:\/\/leavicens.com\/fr_FR\/wp-json\/wp\/v2\/posts"}],"about":[{"href":"https:\/\/leavicens.com\/fr_FR\/wp-json\/wp\/v2\/types\/post"}],"author":[{"embeddable":true,"href":"https:\/\/leavicens.com\/fr_FR\/wp-json\/wp\/v2\/users\/4"}],"replies":[{"embeddable":true,"href":"https:\/\/leavicens.com\/fr_FR\/wp-json\/wp\/v2\/comments?post=2668"}],"version-history":[{"count":1,"href":"https:\/\/leavicens.com\/fr_FR\/wp-json\/wp\/v2\/posts\/2668\/revisions"}],"predecessor-version":[{"id":2671,"href":"https:\/\/leavicens.com\/fr_FR\/wp-json\/wp\/v2\/posts\/2668\/revisions\/2671"}],"wp:featuredmedia":[{"embeddable":true,"href":"https:\/\/leavicens.com\/fr_FR\/wp-json\/wp\/v2\/media\/2670"}],"wp:attachment":[{"href":"https:\/\/leavicens.com\/fr_FR\/wp-json\/wp\/v2\/media?parent=2668"}],"wp:term":[{"taxonomy":"category","embeddable":true,"href":"https:\/\/leavicens.com\/fr_FR\/wp-json\/wp\/v2\/categories?post=2668"},{"taxonomy":"post_tag","embeddable":true,"href":"https:\/\/leavicens.com\/fr_FR\/wp-json\/wp\/v2\/tags?post=2668"}],"curies":[{"name":"wp","href":"https:\/\/api.w.org\/{rel}","templated":true}]}}