{"id":2769,"date":"2017-10-10T13:13:56","date_gmt":"2017-10-10T11:13:56","guid":{"rendered":"http:\/\/leavicens.com\/?p=2769"},"modified":"2017-10-10T13:14:54","modified_gmt":"2017-10-10T11:14:54","slug":"lea-vicens-en-calanda-el-dia-de-la-hispanidad","status":"publish","type":"post","link":"https:\/\/leavicens.com\/fr_FR\/lea-vicens-en-calanda-el-dia-de-la-hispanidad\/","title":{"rendered":"L\u00c9A VICENS, EN CALANDA EL D\u00cdA DE LA HISPANIDAD"},"content":{"rendered":"<p><a href=\"http:\/\/leavicens.com\/lvicens\/wp-content\/uploads\/2017\/10\/img20170928wa0009_e7eb3e59.jpg\"><img loading=\"lazy\" class=\"size-medium wp-image-2770 aligncenter\" src=\"http:\/\/leavicens.com\/lvicens\/wp-content\/uploads\/2017\/10\/img20170928wa0009_e7eb3e59-300x200.jpg\" alt=\"\" width=\"300\" height=\"200\" \/><\/a><\/p>\n<p style=\"text-align: left;\">\u00a0 \u00a0 \u00a0 \u00a0 \u00a0 \u00a0 \u00a0 \u00a0 \u00a0 \u00a0 \u00a0 \u00a0 \u00a0 \u00a0 \u00a0 \u00a0 \u00a0 \u00a0 \u00a0 \u00a0 \u00a0 \u00a0 \u00a0 \u00a0 \u00a0 \u00a0 \u00a0Acto de presentaci\u00f3n<\/p>\n<p style=\"text-align: justify;\"><strong>Calanda <\/strong><strong>(Teruel)<\/strong> <strong>present\u00f3 una novedosa<\/strong><strong> Feria del Pilar.<\/strong>\u00a0Empezando por su estructura -el Ayuntamiento ejerce de responsable pero encomienda a la empresa Arruga y Tacheli S.L. la labor de organizar el serial-, siguiendo por que el <strong>12 de octubre<\/strong> habr\u00e1 un\u00a0<strong style=\"font-style: inherit;\">festejo mixto.<\/strong><\/p>\n<p style=\"text-align: justify;\">La sede de la\u00a0<strong style=\"font-style: inherit;\">Pe\u00f1a Taurina Calandina<\/strong>\u00a0fue el lugar escogido para desvelar el cartel, compuesto por dos matadores y dos rejoneadores.\u00a0<strong style=\"font-style: inherit;\">Juan Jos\u00e9 Padilla y Manuel Escribano<\/strong>\u00a0se medir\u00e1n a cuatro astados de la ganader\u00eda de <strong>Manuel Bl\u00e1zquez<\/strong>; la amazona francesa\u00a0<strong style=\"font-style: inherit;\">Lea Vicens y <\/strong>el bilbilitano<strong> Mario P\u00e9rez Langa<\/strong>\u00a0lidiar\u00e1n a caballo dos ejemplares de <strong>Dias Coutinho.<\/strong><\/p>\n<p style=\"text-align: justify;\"><strong>Jes\u00fas Arruga<\/strong>, responsable de Arruga y Tacheli SL, se\u00f1al\u00f3 que <strong>\u201cEs un cartel que se podr\u00eda ver en cualquier plaza de primera categor\u00eda\u201d <\/strong><\/p>\n<p style=\"font-weight: inherit; font-style: inherit; text-align: justify;\"><strong>12 de octubre: (Festejo Mixto)<\/strong><\/p>\n<p style=\"font-weight: inherit; font-style: inherit; text-align: justify;\">Toros de Manuel Bl\u00e1zquez para Juan Jos\u00e9 Padilla y Manuel Escribano y toros de Dias Coutinho para <strong>L\u00e9a Vicens<\/strong> y Mario P\u00e9rez langa<\/p>\n<p style=\"font-weight: inherit; font-style: inherit; text-align: justify;\">La corrida dar\u00e1 comienzo a las 16.30.<\/p>\n","protected":false},"excerpt":{"rendered":"<p>\u00a0 \u00a0 \u00a0 \u00a0 \u00a0 \u00a0 \u00a0 \u00a0 \u00a0 \u00a0 \u00a0 \u00a0 \u00a0 \u00a0 \u00a0 \u00a0 \u00a0 \u00a0 \u00a0 \u00a0&#8230;<\/p>\n","protected":false},"author":4,"featured_media":2771,"comment_status":"open","ping_status":"open","sticky":true,"template":"","format":"standard","meta":[],"categories":[20,1],"tags":[],"_links":{"self":[{"href":"https:\/\/leavicens.com\/fr_FR\/wp-json\/wp\/v2\/posts\/2769"}],"collection":[{"href":"https:\/\/leavicens.com\/fr_FR\/wp-json\/wp\/v2\/posts"}],"about":[{"href":"https:\/\/leavicens.com\/fr_FR\/wp-json\/wp\/v2\/types\/post"}],"author":[{"embeddable":true,"href":"https:\/\/leavicens.com\/fr_FR\/wp-json\/wp\/v2\/users\/4"}],"replies":[{"embeddable":true,"href":"https:\/\/leavicens.com\/fr_FR\/wp-json\/wp\/v2\/comments?post=2769"}],"version-history":[{"count":2,"href":"https:\/\/leavicens.com\/fr_FR\/wp-json\/wp\/v2\/posts\/2769\/revisions"}],"predecessor-version":[{"id":2773,"href":"https:\/\/leavicens.com\/fr_FR\/wp-json\/wp\/v2\/posts\/2769\/revisions\/2773"}],"wp:featuredmedia":[{"embeddable":true,"href":"https:\/\/leavicens.com\/fr_FR\/wp-json\/wp\/v2\/media\/2771"}],"wp:attachment":[{"href":"https:\/\/leavicens.com\/fr_FR\/wp-json\/wp\/v2\/media?parent=2769"}],"wp:term":[{"taxonomy":"category","embeddable":true,"href":"https:\/\/leavicens.com\/fr_FR\/wp-json\/wp\/v2\/categories?post=2769"},{"taxonomy":"post_tag","embeddable":true,"href":"https:\/\/leavicens.com\/fr_FR\/wp-json\/wp\/v2\/tags?post=2769"}],"curies":[{"name":"wp","href":"https:\/\/api.w.org\/{rel}","templated":true}]}}