{"id":2778,"date":"2017-10-12T22:06:58","date_gmt":"2017-10-12T20:06:58","guid":{"rendered":"http:\/\/leavicens.com\/?p=2778"},"modified":"2017-10-17T12:59:50","modified_gmt":"2017-10-17T10:59:50","slug":"lea-vicens-recibio-en-zaragoza-el-premio-la-madronera","status":"publish","type":"post","link":"https:\/\/leavicens.com\/fr_FR\/lea-vicens-recibio-en-zaragoza-el-premio-la-madronera\/","title":{"rendered":"L\u00c9A VICENS, RECIBI\u00d3 EN ZARAGOZA EL PREMIO &#8216;LA MADRO\u00d1ERA&#8217;"},"content":{"rendered":"<p><a href=\"http:\/\/leavicens.com\/lvicens\/wp-content\/uploads\/2017\/10\/Premio-La-Madro--era.jpg\"><img loading=\"lazy\" class=\"size-medium wp-image-2796 aligncenter\" src=\"http:\/\/leavicens.com\/lvicens\/wp-content\/uploads\/2017\/10\/Premio-La-Madro--era-216x300.jpg\" alt=\"\" width=\"216\" height=\"300\" \/><\/a><\/p>\n<p>La Pe\u00f1a Taurina &#8216;La Madro\u00f1era&#8217;\u00a0en colaboraci\u00f3n con la Diputaci\u00f3n Provincial de Zaragoza y la Pe\u00f1a Mari Pav Vega,\u00a0entreg\u00f3 los premios correspondientes a la Feria del Pilar 2016. El acto tuvo lugar el pasado mi\u00e9rcoles 11 de octubre, en el Hotel Palafox, durante la tradicional gala.<\/p>\n<p>Relaci\u00f3n de premiados:<\/p>\n<p><strong>.- Lea Vicens<\/strong> (reconocimiento a la mujer en el mundo del toro).<\/p>\n<p>.- Enrique Ponce (mejor faena).<\/p>\n<p>.- N\u00fa\u00f1ez del Cuvillo (ganader\u00eda que mejor corrida present\u00f3).<\/p>\n<p>.- Alejandro Talavante (triunfador del ciclo).<\/p>\n<p>.- Juan Jos\u00e9 Padilla (matador con m\u00e1s valor y mejor estocada).<\/p>\n<p>.- Juan de Dios Quinta (mejor puyazo).<\/p>\n<p>.- Curro Javier (mejor par de banderillas).<\/p>\n<p>.- &#8216;Rescoldito&#8217;, de la mencionada ganader\u00eda de N\u00fa\u00f1ez del Cuvillo (toro m\u00e1s bravo).<\/p>\n<p style=\"text-align: justify;\">Adem\u00e1s de los galardonados, asistieron a la gala asistan Juan Antonio S\u00e1nchez Quero, como Presidente de la Diputaci\u00f3n; Dorita Esparcia, Presidenta de la Pe\u00f1a Taurina Femenina La Madro\u00f1era; y Daniel Roqueta, sastre que colabora con la causa.<\/p>\n<p style=\"text-align: justify;\"><em><span style=\"text-decoration: underline;\">FOTO:<\/span> Muriel Feiner<\/em><\/p>\n","protected":false},"excerpt":{"rendered":"<p>La Pe\u00f1a Taurina &#8216;La Madro\u00f1era&#8217;\u00a0en colaboraci\u00f3n con la Diputaci\u00f3n Provincial de Zaragoza y la Pe\u00f1a Mari Pav Vega,\u00a0entreg\u00f3 los premios&#8230;<\/p>\n","protected":false},"author":4,"featured_media":2779,"comment_status":"open","ping_status":"open","sticky":true,"template":"","format":"standard","meta":[],"categories":[20,1],"tags":[],"_links":{"self":[{"href":"https:\/\/leavicens.com\/fr_FR\/wp-json\/wp\/v2\/posts\/2778"}],"collection":[{"href":"https:\/\/leavicens.com\/fr_FR\/wp-json\/wp\/v2\/posts"}],"about":[{"href":"https:\/\/leavicens.com\/fr_FR\/wp-json\/wp\/v2\/types\/post"}],"author":[{"embeddable":true,"href":"https:\/\/leavicens.com\/fr_FR\/wp-json\/wp\/v2\/users\/4"}],"replies":[{"embeddable":true,"href":"https:\/\/leavicens.com\/fr_FR\/wp-json\/wp\/v2\/comments?post=2778"}],"version-history":[{"count":2,"href":"https:\/\/leavicens.com\/fr_FR\/wp-json\/wp\/v2\/posts\/2778\/revisions"}],"predecessor-version":[{"id":2797,"href":"https:\/\/leavicens.com\/fr_FR\/wp-json\/wp\/v2\/posts\/2778\/revisions\/2797"}],"wp:featuredmedia":[{"embeddable":true,"href":"https:\/\/leavicens.com\/fr_FR\/wp-json\/wp\/v2\/media\/2779"}],"wp:attachment":[{"href":"https:\/\/leavicens.com\/fr_FR\/wp-json\/wp\/v2\/media?parent=2778"}],"wp:term":[{"taxonomy":"category","embeddable":true,"href":"https:\/\/leavicens.com\/fr_FR\/wp-json\/wp\/v2\/categories?post=2778"},{"taxonomy":"post_tag","embeddable":true,"href":"https:\/\/leavicens.com\/fr_FR\/wp-json\/wp\/v2\/tags?post=2778"}],"curies":[{"name":"wp","href":"https:\/\/api.w.org\/{rel}","templated":true}]}}