{"id":2824,"date":"2017-10-25T04:03:32","date_gmt":"2017-10-25T02:03:32","guid":{"rendered":"http:\/\/leavicens.com\/?p=2824"},"modified":"2017-10-25T04:13:46","modified_gmt":"2017-10-25T02:13:46","slug":"lea-vicens-recibio-en-huelva-el-premio-al-triunfador-de-rejones","status":"publish","type":"post","link":"https:\/\/leavicens.com\/fr_FR\/lea-vicens-recibio-en-huelva-el-premio-al-triunfador-de-rejones\/","title":{"rendered":"L\u00c9A VICENS, RECIBI\u00d3 EN HUELVA EL PREMIO &#8216;MEJOR REJONEADOR DE COLOMBINAS 2017&#8217;"},"content":{"rendered":"<p><strong>\u00abL\u00e9a Vicens,<\/strong>\u00a0<strong>recibi\u00f3 en Huelva, el\u00a0Premio Taurino El Cabezo, al \u201cMejor Rejoneador de Colombinas 2017\u201d<\/strong><\/p>\n<p><a href=\"http:\/\/leavicens.com\/lvicens\/wp-content\/uploads\/2017\/10\/DSC_2008.jpg\"><img loading=\"lazy\" class=\"size-medium wp-image-2826 alignleft\" src=\"http:\/\/leavicens.com\/lvicens\/wp-content\/uploads\/2017\/10\/DSC_2008-300x200.jpg\" alt=\"\" width=\"300\" height=\"200\" \/><\/a> <a href=\"http:\/\/leavicens.com\/lvicens\/wp-content\/uploads\/2017\/10\/DSC_2071.jpg\"><img loading=\"lazy\" class=\"size-medium wp-image-2827 alignright\" src=\"http:\/\/leavicens.com\/lvicens\/wp-content\/uploads\/2017\/10\/DSC_2071-300x200.jpg\" alt=\"\" width=\"300\" height=\"200\" \/><\/a><\/p>\n<p><a href=\"http:\/\/leavicens.com\/lvicens\/wp-content\/uploads\/2017\/10\/DSC_2010.jpg\"><img loading=\"lazy\" class=\"size-medium wp-image-2828 aligncenter\" src=\"http:\/\/leavicens.com\/lvicens\/wp-content\/uploads\/2017\/10\/DSC_2010-200x300.jpg\" alt=\"\" width=\"200\" height=\"300\" \/><\/a><\/p>\n<p style=\"text-align: justify;\">El pasado martes 24 de octubre,<strong> El Corte Ingl\u00e9s<\/strong> y <strong>El Diario Huelva Informaci\u00f3n<\/strong>, entregaron sus <strong>Premios Taurinos &#8216;El Cabezo&#8217;<\/strong> en la\u00a0<strong>XXIV <\/strong>de estos prestigiosos galardones. El acto como cada a\u00f1o se realiz\u00f3 en las instalaciones del Centro Comercial Onubense y homenajea las excelencias de la pasada edici\u00f3n de Las Colombinas 2017.<\/p>\n<p style=\"text-align: justify;\"><span style=\"text-decoration: underline;\"><em>Relaci\u00f3n de Triunfadores:<\/em><\/span><\/p>\n<p style=\"text-align: justify;\"><strong><em>.- Mejor Rejoneador: L\u00e9a Vicens<\/em><\/strong><\/p>\n<p style=\"text-align: justify;\"><em>.- Triunfador de la feria: <\/em><strong><em>Miguel \u00c1ngel Perera<\/em><\/strong><\/p>\n<p style=\"text-align: justify;\"><em>.- Mejor Toro:\u00a0<\/em><strong><em>\u2018Legionario\u2019 <\/em><\/strong><strong><em>de la ganader\u00eda de<\/em><\/strong><strong><em> Torrealta<\/em><\/strong><\/p>\n<p style=\"text-align: justify;\"><em>.- Subalterno m\u00e1s Completo: <strong>Curro Javier<\/strong> <\/em><\/p>\n<p style=\"text-align: justify;\"><em>.- Novillero m\u00e1s Destacado: <strong>Emilio Silvera <\/strong><\/em><\/p>\n<p style=\"text-align: justify;\"><em>.- Menci\u00f3n Especial para la <strong>cuadrilla de Miguel \u00c1ngel Perera.<\/strong> \u00a0<\/em><\/p>\n<p style=\"text-align: justify;\">Multitud de invitados de la sociedad civil, social, pol\u00edtica y militar onubense, se daban cita en estos acreditados premios para vivir una jornada \u00fanica, donde los premiados se congregaban con las autoridades para recibir sus merecidos galardones.<\/p>\n<p style=\"text-align: justify;\">Un acto que present\u00f3 brillantemente el periodista onubense <strong>Paco Guerrero,<\/strong> quien desgran\u00f3 los detalles de los premios. Cerr\u00f3 el acto el <strong>Ilmo. Sr. Alcalde de Huelva, D. Gabriel Cruz,<\/strong> quien hizo una defensa vigorosa de los toros y las Fiestas Colombinas. Adem\u00e1s <strong>Gabriel Cruz<\/strong>, agradeci\u00f3 a los premiados su cita con tan significativa entrega y la fidelidad de conceptos para con su arte.<\/p>\n<p>FOTOS: <span style=\"text-decoration: underline;\">Jos\u00e9 Luis Arizmendi<\/span><\/p>\n","protected":false},"excerpt":{"rendered":"<p>\u00abL\u00e9a Vicens,\u00a0recibi\u00f3 en Huelva, el\u00a0Premio Taurino El Cabezo, al \u201cMejor Rejoneador de Colombinas 2017\u201d El pasado martes 24 de octubre,&#8230;<\/p>\n","protected":false},"author":4,"featured_media":2825,"comment_status":"open","ping_status":"open","sticky":true,"template":"","format":"standard","meta":[],"categories":[20,1],"tags":[],"_links":{"self":[{"href":"https:\/\/leavicens.com\/fr_FR\/wp-json\/wp\/v2\/posts\/2824"}],"collection":[{"href":"https:\/\/leavicens.com\/fr_FR\/wp-json\/wp\/v2\/posts"}],"about":[{"href":"https:\/\/leavicens.com\/fr_FR\/wp-json\/wp\/v2\/types\/post"}],"author":[{"embeddable":true,"href":"https:\/\/leavicens.com\/fr_FR\/wp-json\/wp\/v2\/users\/4"}],"replies":[{"embeddable":true,"href":"https:\/\/leavicens.com\/fr_FR\/wp-json\/wp\/v2\/comments?post=2824"}],"version-history":[{"count":3,"href":"https:\/\/leavicens.com\/fr_FR\/wp-json\/wp\/v2\/posts\/2824\/revisions"}],"predecessor-version":[{"id":2831,"href":"https:\/\/leavicens.com\/fr_FR\/wp-json\/wp\/v2\/posts\/2824\/revisions\/2831"}],"wp:featuredmedia":[{"embeddable":true,"href":"https:\/\/leavicens.com\/fr_FR\/wp-json\/wp\/v2\/media\/2825"}],"wp:attachment":[{"href":"https:\/\/leavicens.com\/fr_FR\/wp-json\/wp\/v2\/media?parent=2824"}],"wp:term":[{"taxonomy":"category","embeddable":true,"href":"https:\/\/leavicens.com\/fr_FR\/wp-json\/wp\/v2\/categories?post=2824"},{"taxonomy":"post_tag","embeddable":true,"href":"https:\/\/leavicens.com\/fr_FR\/wp-json\/wp\/v2\/tags?post=2824"}],"curies":[{"name":"wp","href":"https:\/\/api.w.org\/{rel}","templated":true}]}}