{"id":287,"date":"2015-03-19T15:48:56","date_gmt":"2015-03-19T15:48:56","guid":{"rendered":"http:\/\/leavicens.com\/index.php\/?p=287"},"modified":"2015-04-27T09:53:25","modified_gmt":"2015-04-27T09:53:25","slug":"lea-vicens-gusta-en-su-debut-fallero","status":"publish","type":"post","link":"https:\/\/leavicens.com\/fr_FR\/lea-vicens-gusta-en-su-debut-fallero\/","title":{"rendered":"L\u00e9a Vicens gusta en su debut fallero"},"content":{"rendered":"<p>S\u00f3lo el descabello se llev\u00f3 la posibilidad de un triunfo rotundo en el debut de <b>L\u00e9a Vicens <\/b>en la feria de Fallas de Valencia. El fr\u00edo de la ma\u00f1ana levantina pareci\u00f3 disiparse con la s\u00f3lida y elegante actuaci\u00f3n de la amazona francesa, que par\u00f3 al sexto toro de Ferm\u00edn Boh\u00f3rquez a lomos de \u201cBach\u201d, un caballo que transmiti\u00f3 una serenidad pasmosa a la hora de recortar las celosas embestidas en un palmo de terreno, despacio, como si el \u00edmpetu de cada arremetida no perturbara su valiente tranquilidad, y permitiendo que <b>L\u00e9a <\/b>dejara un rej\u00f3n de castigo en todo lo alto del morrillo del toro, entre la ovaci\u00f3n de un p\u00fablico que entr\u00f3 r\u00e1pidamente en la faena.<\/p>\n<p>Despu\u00e9s vino el turno de \u201cGacela\u201d, una de las figuras de la cuadra, sobre el que la rejoneadora quebr\u00f3 las acometidas del un toro que tuvo ritmo y clase. <b>Vicens <\/b>supo provocar las arrancadas del toro para dejar los palos con reuni\u00f3n y elegancia. Pero lo grande vino con \u201cB\u00e9tico\u201d, que estuvo perfecto en las batidas a pit\u00f3n contrario y, sobre todo, en un espectacular galope de costado con los pitones del toro cosidos a la barriga de la montura en una templad\u00edsima vuelta al anillo valenciano. Tambi\u00e9n con \u201cB\u00e9tico\u201d clav\u00f3 <b>L\u00e9a <\/b>una espectacular banderilla al viol\u00edn, con el p\u00fablico puesto en pi\u00e9.<\/p>\n<p>Su elegante equitaci\u00f3n tambi\u00e9n se hizo evidente con \u201cDesaf\u00edo\u201d, con el que clav\u00f3 una banderilla de mucho m\u00e9rito, pues el toro ya estaba m\u00e1s apagado y tuvo que pisar terrenos de mucho compromiso, yendo muy de frente y dej\u00e1ndose llegar las astas muy cerca de la piel de su montura, para poder dejar el palo en buen sitio y salir airosa con una garbosa levada en la cara del toro.<\/p>\n<p>Faena de gusto, concepto depurado y actitud, que no pudo ser rematada con el descabello, despu\u00e9s de que, con \u201cEspont\u00e1neo\u201d, dejara dos banderillas cortas reunidas y un rejonazo al segundo intento. Se pidi\u00f3 el premio que no concedi\u00f3 la presidencia, pero la vuelta al ruedo dio buena\u00a0 cuenta del excelente ambiente que deja la francesa en la primera feria importante de la temporada.<\/p>\n<p>Otros caballos desplazados: \u201cJazm\u00edn\u201d y \u201cGuitarra\u201d.<\/p>\n<p><b>FICHA DEL FESTEJO<\/b><\/p>\n<p>Plaza de toros de Valencia. Matinal. Media plaza en ma\u00f1ana de fr\u00edo y viento.<\/p>\n<p>6 Toros de Ferm\u00edn Boh\u00f3rquez, de buena presentaci\u00f3n y variado juego, aunque con escaso fondo en t\u00e9rminos generales.<\/p>\n<p>Ferm\u00edn Boh\u00f3rquez: Ovaci\u00f3n.<\/p>\n<p>Andy Cartagena:\u00a0Oreja.<\/p>\n<p>Manuel Manzanares: Silencio.<\/p>\n<p>Andr\u00e9s Romero: Oreja.<\/p>\n<p>Luis Valdenebro: Oreja.<\/p>\n<p><b>L\u00e9a Vicens: Vuelta.<\/b><\/p>\n","protected":false},"excerpt":{"rendered":"<p>S\u00f3lo el descabello se llev\u00f3 la posibilidad de un triunfo rotundo en el debut de L\u00e9a Vicens en la feria&#8230;<\/p>\n","protected":false},"author":5,"featured_media":270,"comment_status":"open","ping_status":"open","sticky":true,"template":"","format":"standard","meta":[],"categories":[25,20],"tags":[22,23,24,21],"_links":{"self":[{"href":"https:\/\/leavicens.com\/fr_FR\/wp-json\/wp\/v2\/posts\/287"}],"collection":[{"href":"https:\/\/leavicens.com\/fr_FR\/wp-json\/wp\/v2\/posts"}],"about":[{"href":"https:\/\/leavicens.com\/fr_FR\/wp-json\/wp\/v2\/types\/post"}],"author":[{"embeddable":true,"href":"https:\/\/leavicens.com\/fr_FR\/wp-json\/wp\/v2\/users\/5"}],"replies":[{"embeddable":true,"href":"https:\/\/leavicens.com\/fr_FR\/wp-json\/wp\/v2\/comments?post=287"}],"version-history":[{"count":1,"href":"https:\/\/leavicens.com\/fr_FR\/wp-json\/wp\/v2\/posts\/287\/revisions"}],"predecessor-version":[{"id":288,"href":"https:\/\/leavicens.com\/fr_FR\/wp-json\/wp\/v2\/posts\/287\/revisions\/288"}],"wp:featuredmedia":[{"embeddable":true,"href":"https:\/\/leavicens.com\/fr_FR\/wp-json\/wp\/v2\/media\/270"}],"wp:attachment":[{"href":"https:\/\/leavicens.com\/fr_FR\/wp-json\/wp\/v2\/media?parent=287"}],"wp:term":[{"taxonomy":"category","embeddable":true,"href":"https:\/\/leavicens.com\/fr_FR\/wp-json\/wp\/v2\/categories?post=287"},{"taxonomy":"post_tag","embeddable":true,"href":"https:\/\/leavicens.com\/fr_FR\/wp-json\/wp\/v2\/tags?post=287"}],"curies":[{"name":"wp","href":"https:\/\/api.w.org\/{rel}","templated":true}]}}