{"id":2886,"date":"2017-12-14T12:55:50","date_gmt":"2017-12-14T10:55:50","guid":{"rendered":"http:\/\/leavicens.com\/?p=2886"},"modified":"2018-02-06T01:41:43","modified_gmt":"2018-02-05T23:41:43","slug":"lea-vicens-portada-de-la-revista-planete-corrida","status":"publish","type":"post","link":"https:\/\/leavicens.com\/fr_FR\/lea-vicens-portada-de-la-revista-planete-corrida\/","title":{"rendered":"L\u00c9A VICENS, PORTADA DE LA REVISTA PLAN\u00c9TE CORRIDA"},"content":{"rendered":"<p style=\"text-align: justify;\"><a href=\"http:\/\/leavicens.com\/lvicens\/wp-content\/uploads\/2017\/12\/pc142.jpg\"><img loading=\"lazy\" class=\"size-medium wp-image-2887 aligncenter\" src=\"http:\/\/leavicens.com\/lvicens\/wp-content\/uploads\/2017\/12\/pc142-222x300.jpg\" alt=\"\" width=\"222\" height=\"300\" \/><\/a><strong>L\u00e9a Vicens<\/strong> portada de la revista <strong>Plan\u00e8te Corrida en su n\u00famero 142.<\/strong> Una revista de m\u00e1ximo prestigio que le dedica en su n\u00famero un elegante reportaje gr\u00e1fico y una amplia entrevista con la <strong>\u201cl\u00edder del Escalaf\u00f3n\u201d.<\/strong><\/p>\n<p style=\"text-align: justify;\"><strong>Plan\u00e8te Corrida<\/strong> destaca de <strong>L\u00e9a Vicens<\/strong> su brillante carrera, adem\u00e1s de su estilo y elegancia, en un reportaje de impresionante dimensiones.<\/p>\n","protected":false},"excerpt":{"rendered":"<p>L\u00e9a Vicens portada de la revista Plan\u00e8te Corrida en su n\u00famero 142. Una revista de m\u00e1ximo prestigio que le dedica&#8230;<\/p>\n","protected":false},"author":4,"featured_media":2888,"comment_status":"open","ping_status":"open","sticky":true,"template":"","format":"standard","meta":[],"categories":[19,20,1],"tags":[],"_links":{"self":[{"href":"https:\/\/leavicens.com\/fr_FR\/wp-json\/wp\/v2\/posts\/2886"}],"collection":[{"href":"https:\/\/leavicens.com\/fr_FR\/wp-json\/wp\/v2\/posts"}],"about":[{"href":"https:\/\/leavicens.com\/fr_FR\/wp-json\/wp\/v2\/types\/post"}],"author":[{"embeddable":true,"href":"https:\/\/leavicens.com\/fr_FR\/wp-json\/wp\/v2\/users\/4"}],"replies":[{"embeddable":true,"href":"https:\/\/leavicens.com\/fr_FR\/wp-json\/wp\/v2\/comments?post=2886"}],"version-history":[{"count":2,"href":"https:\/\/leavicens.com\/fr_FR\/wp-json\/wp\/v2\/posts\/2886\/revisions"}],"predecessor-version":[{"id":2890,"href":"https:\/\/leavicens.com\/fr_FR\/wp-json\/wp\/v2\/posts\/2886\/revisions\/2890"}],"wp:featuredmedia":[{"embeddable":true,"href":"https:\/\/leavicens.com\/fr_FR\/wp-json\/wp\/v2\/media\/2888"}],"wp:attachment":[{"href":"https:\/\/leavicens.com\/fr_FR\/wp-json\/wp\/v2\/media?parent=2886"}],"wp:term":[{"taxonomy":"category","embeddable":true,"href":"https:\/\/leavicens.com\/fr_FR\/wp-json\/wp\/v2\/categories?post=2886"},{"taxonomy":"post_tag","embeddable":true,"href":"https:\/\/leavicens.com\/fr_FR\/wp-json\/wp\/v2\/tags?post=2886"}],"curies":[{"name":"wp","href":"https:\/\/api.w.org\/{rel}","templated":true}]}}