{"id":2956,"date":"2018-01-28T22:05:03","date_gmt":"2018-01-28T20:05:03","guid":{"rendered":"http:\/\/leavicens.com\/?p=2956"},"modified":"2018-01-29T22:07:58","modified_gmt":"2018-01-29T20:07:58","slug":"lea-vicens-en-el-gran-festival-de-aracena-a-beneficio-de-caritas","status":"publish","type":"post","link":"https:\/\/leavicens.com\/fr_FR\/lea-vicens-en-el-gran-festival-de-aracena-a-beneficio-de-caritas\/","title":{"rendered":"L\u00c9A VICENS, ESTAR\u00c1 EN EL FESTIVAL DE ARACENA A BENEFICIO DE C\u00c1RITAS"},"content":{"rendered":"<p><a href=\"http:\/\/leavicens.com\/lvicens\/wp-content\/uploads\/2018\/01\/Presentado-el-Festival-taurino-de-Aracena.jpg\"><img loading=\"lazy\" class=\"size-medium wp-image-2957 aligncenter\" src=\"http:\/\/leavicens.com\/lvicens\/wp-content\/uploads\/2018\/01\/Presentado-el-Festival-taurino-de-Aracena-300x140.jpg\" alt=\"\" width=\"300\" height=\"140\" \/><\/a><\/p>\n<p style=\"text-align: center;\">Foto: Presentaci\u00f3n del festival (lascosasdeltoro.com)<\/p>\n<p style=\"text-align: justify;\">Los salones del Hotel Essentia de Aracena (Huelva) han acogido la presentaci\u00f3n del festival ben\u00e9fico para C\u00e1ritas parroquial de la localidad, que se desarrollar\u00e1 en la capital de la \u2018Sierra Onubense\u2019 pr\u00f3ximo d\u00eda 25 de febrero a las 12:00 Horas.<\/p>\n<p style=\"text-align: justify;\">El festival lo encabeza <strong>Lea Vicens<\/strong>\u00a0y lo completan los matadores de toros <strong>Pepe Luis V\u00e1zquez, Finito de C\u00f3rdoba, Manuel D\u00edaz \u2018El Cordob\u00e9s\u2019, Jos\u00e9 Garrido<\/strong>, y lo cierra el novillero\u00a0<strong>Manolo V\u00e1zquez. <\/strong><\/p>\n<p style=\"text-align: justify;\">Se lidiaran astados de diferentes ganader\u00edas.<\/p>\n<p><em>Foto: <span style=\"text-decoration: underline;\">Jos\u00e9 Luis Arizmendi<\/span>\u00a0<\/em><\/p>\n<p>&nbsp;<\/p>\n<p>&nbsp;<\/p>\n","protected":false},"excerpt":{"rendered":"<p>Foto: Presentaci\u00f3n del festival (lascosasdeltoro.com) Los salones del Hotel Essentia de Aracena (Huelva) han acogido la presentaci\u00f3n del festival ben\u00e9fico&#8230;<\/p>\n","protected":false},"author":4,"featured_media":2958,"comment_status":"open","ping_status":"open","sticky":true,"template":"","format":"standard","meta":[],"categories":[20,1],"tags":[],"_links":{"self":[{"href":"https:\/\/leavicens.com\/fr_FR\/wp-json\/wp\/v2\/posts\/2956"}],"collection":[{"href":"https:\/\/leavicens.com\/fr_FR\/wp-json\/wp\/v2\/posts"}],"about":[{"href":"https:\/\/leavicens.com\/fr_FR\/wp-json\/wp\/v2\/types\/post"}],"author":[{"embeddable":true,"href":"https:\/\/leavicens.com\/fr_FR\/wp-json\/wp\/v2\/users\/4"}],"replies":[{"embeddable":true,"href":"https:\/\/leavicens.com\/fr_FR\/wp-json\/wp\/v2\/comments?post=2956"}],"version-history":[{"count":2,"href":"https:\/\/leavicens.com\/fr_FR\/wp-json\/wp\/v2\/posts\/2956\/revisions"}],"predecessor-version":[{"id":2960,"href":"https:\/\/leavicens.com\/fr_FR\/wp-json\/wp\/v2\/posts\/2956\/revisions\/2960"}],"wp:featuredmedia":[{"embeddable":true,"href":"https:\/\/leavicens.com\/fr_FR\/wp-json\/wp\/v2\/media\/2958"}],"wp:attachment":[{"href":"https:\/\/leavicens.com\/fr_FR\/wp-json\/wp\/v2\/media?parent=2956"}],"wp:term":[{"taxonomy":"category","embeddable":true,"href":"https:\/\/leavicens.com\/fr_FR\/wp-json\/wp\/v2\/categories?post=2956"},{"taxonomy":"post_tag","embeddable":true,"href":"https:\/\/leavicens.com\/fr_FR\/wp-json\/wp\/v2\/tags?post=2956"}],"curies":[{"name":"wp","href":"https:\/\/api.w.org\/{rel}","templated":true}]}}