{"id":2985,"date":"2018-02-03T17:02:14","date_gmt":"2018-02-03T15:02:14","guid":{"rendered":"http:\/\/leavicens.com\/?p=2985"},"modified":"2018-02-04T02:27:16","modified_gmt":"2018-02-04T00:27:16","slug":"lea-vicens-presente-en-castellon","status":"publish","type":"post","link":"https:\/\/leavicens.com\/fr_FR\/lea-vicens-presente-en-castellon\/","title":{"rendered":"L\u00c9A VICENS, PRESENTE EN LA FERIA DE LA MAGDALENA DE CASTELL\u00d3N"},"content":{"rendered":"<p style=\"text-align: center;\"><img loading=\"lazy\" class=\"size-medium wp-image-2986 aligncenter\" src=\"http:\/\/leavicens.com\/lvicens\/wp-content\/uploads\/2018\/02\/CARTEL3-300x169.jpg\" alt=\"\" width=\"300\" height=\"169\" \/>Foto: Presentaci\u00f3n Feria de Castell\u00f3n 2018<\/p>\n<p style=\"text-align: justify;\">La Feria de la Magdalena de Castell\u00f3n 2018 ya es oficial. El ciclo castellonense ha sido presentado esta tarde en el Hotel Intur Castell\u00f3n con una gran presencia de aficionados. La empresa Gesti\u00f3n Universal de Espect\u00e1culos S.L ha cerrado un abono de seis festejos, uno m\u00e1s que el a\u00f1o pasado, compuesto por cuatro corridas de toros, <strong>una de rejones<\/strong> y una novillada con picadores.<\/p>\n<p style=\"text-align: justify;\">La feria ir\u00e1 del 4 al 11 de marzo y un a\u00f1o m\u00e1s volver\u00e1 a apostar por carteles rematados con las grandes figuras del momento.<\/p>\n<p style=\"text-align: justify;\"><span style=\"text-decoration: underline;\"><strong>Lunes 5 de marzo.<\/strong> (17:00 Horas)<\/span><\/p>\n<p style=\"text-align: justify;\">Toros de Ferm\u00edn Boh\u00f3rquez para Andy Cartagena, Leonardo Hern\u00e1ndez y <strong>Lea Vicens.<\/strong><\/p>\n<p><a href=\"http:\/\/leavicens.com\/lvicens\/wp-content\/uploads\/2018\/02\/cartel-2018-baja.jpg\"><img loading=\"lazy\" class=\"size-medium wp-image-2987 aligncenter\" src=\"http:\/\/leavicens.com\/lvicens\/wp-content\/uploads\/2018\/02\/cartel-2018-baja-159x300.jpg\" alt=\"\" width=\"159\" height=\"300\" \/><\/a><\/p>\n<p>&nbsp;<\/p>\n","protected":false},"excerpt":{"rendered":"<p>Foto: Presentaci\u00f3n Feria de Castell\u00f3n 2018 La Feria de la Magdalena de Castell\u00f3n 2018 ya es oficial. El ciclo castellonense&#8230;<\/p>\n","protected":false},"author":4,"featured_media":2988,"comment_status":"open","ping_status":"open","sticky":true,"template":"","format":"standard","meta":[],"categories":[20,1],"tags":[],"_links":{"self":[{"href":"https:\/\/leavicens.com\/fr_FR\/wp-json\/wp\/v2\/posts\/2985"}],"collection":[{"href":"https:\/\/leavicens.com\/fr_FR\/wp-json\/wp\/v2\/posts"}],"about":[{"href":"https:\/\/leavicens.com\/fr_FR\/wp-json\/wp\/v2\/types\/post"}],"author":[{"embeddable":true,"href":"https:\/\/leavicens.com\/fr_FR\/wp-json\/wp\/v2\/users\/4"}],"replies":[{"embeddable":true,"href":"https:\/\/leavicens.com\/fr_FR\/wp-json\/wp\/v2\/comments?post=2985"}],"version-history":[{"count":3,"href":"https:\/\/leavicens.com\/fr_FR\/wp-json\/wp\/v2\/posts\/2985\/revisions"}],"predecessor-version":[{"id":2993,"href":"https:\/\/leavicens.com\/fr_FR\/wp-json\/wp\/v2\/posts\/2985\/revisions\/2993"}],"wp:featuredmedia":[{"embeddable":true,"href":"https:\/\/leavicens.com\/fr_FR\/wp-json\/wp\/v2\/media\/2988"}],"wp:attachment":[{"href":"https:\/\/leavicens.com\/fr_FR\/wp-json\/wp\/v2\/media?parent=2985"}],"wp:term":[{"taxonomy":"category","embeddable":true,"href":"https:\/\/leavicens.com\/fr_FR\/wp-json\/wp\/v2\/categories?post=2985"},{"taxonomy":"post_tag","embeddable":true,"href":"https:\/\/leavicens.com\/fr_FR\/wp-json\/wp\/v2\/tags?post=2985"}],"curies":[{"name":"wp","href":"https:\/\/api.w.org\/{rel}","templated":true}]}}