{"id":2999,"date":"2018-02-04T18:10:22","date_gmt":"2018-02-04T16:10:22","guid":{"rendered":"http:\/\/leavicens.com\/?p=2999"},"modified":"2018-02-04T18:27:10","modified_gmt":"2018-02-04T16:27:10","slug":"suspendido-el-festival-de-vera-por-las-adversidades","status":"publish","type":"post","link":"https:\/\/leavicens.com\/fr_FR\/suspendido-el-festival-de-vera-por-las-adversidades\/","title":{"rendered":"SUSPENDIDO EL FESTIVAL DE VERA POR LAS ADVERSIDADES CLIMATOL\u00d3GICAS"},"content":{"rendered":"<p><img loading=\"lazy\" class=\"size-medium wp-image-3002 aligncenter\" src=\"http:\/\/leavicens.com\/lvicens\/wp-content\/uploads\/2018\/02\/ert-020218-192910-300x251.jpg\" alt=\"\" width=\"300\" height=\"251\" \/><strong>Grupo Vientobravo<\/strong> comunica que el <strong>Festival Ben\u00e9fico Taurino<\/strong> que se iba a celebrar hoy <strong>4\u00a0de febrero<\/strong>, en la <strong>Plaza de Toros de Vera<\/strong>, a partir de las 12 del mediod\u00eda, en consonancia con el Ayuntamiento de Vera y la Asociaci\u00f3n Manos Unidas, y debido a las adversas previsiones meteorol\u00f3gicas, seg\u00fan la Agencia Estatal de Meteorolog\u00eda (AEMET), nos hemos visto <span style=\"text-decoration: underline;\"><strong>obligados a tener que llevar a cabo la suspensi\u00f3n <\/strong><\/span>del mismo.<\/p>\n<ul>\n<li style=\"text-align: justify;\">La organizaci\u00f3n est\u00e1 buscando una nueva fecha para la celebraci\u00f3n del mismo.<\/li>\n<\/ul>\n","protected":false},"excerpt":{"rendered":"<p>Grupo Vientobravo comunica que el Festival Ben\u00e9fico Taurino que se iba a celebrar hoy 4\u00a0de febrero, en la Plaza de&#8230;<\/p>\n","protected":false},"author":4,"featured_media":3003,"comment_status":"open","ping_status":"open","sticky":true,"template":"","format":"standard","meta":[],"categories":[20,1],"tags":[],"_links":{"self":[{"href":"https:\/\/leavicens.com\/fr_FR\/wp-json\/wp\/v2\/posts\/2999"}],"collection":[{"href":"https:\/\/leavicens.com\/fr_FR\/wp-json\/wp\/v2\/posts"}],"about":[{"href":"https:\/\/leavicens.com\/fr_FR\/wp-json\/wp\/v2\/types\/post"}],"author":[{"embeddable":true,"href":"https:\/\/leavicens.com\/fr_FR\/wp-json\/wp\/v2\/users\/4"}],"replies":[{"embeddable":true,"href":"https:\/\/leavicens.com\/fr_FR\/wp-json\/wp\/v2\/comments?post=2999"}],"version-history":[{"count":3,"href":"https:\/\/leavicens.com\/fr_FR\/wp-json\/wp\/v2\/posts\/2999\/revisions"}],"predecessor-version":[{"id":3005,"href":"https:\/\/leavicens.com\/fr_FR\/wp-json\/wp\/v2\/posts\/2999\/revisions\/3005"}],"wp:featuredmedia":[{"embeddable":true,"href":"https:\/\/leavicens.com\/fr_FR\/wp-json\/wp\/v2\/media\/3003"}],"wp:attachment":[{"href":"https:\/\/leavicens.com\/fr_FR\/wp-json\/wp\/v2\/media?parent=2999"}],"wp:term":[{"taxonomy":"category","embeddable":true,"href":"https:\/\/leavicens.com\/fr_FR\/wp-json\/wp\/v2\/categories?post=2999"},{"taxonomy":"post_tag","embeddable":true,"href":"https:\/\/leavicens.com\/fr_FR\/wp-json\/wp\/v2\/tags?post=2999"}],"curies":[{"name":"wp","href":"https:\/\/api.w.org\/{rel}","templated":true}]}}