{"id":3106,"date":"2018-02-13T01:46:27","date_gmt":"2018-02-12T23:46:27","guid":{"rendered":"http:\/\/leavicens.com\/?p=3106"},"modified":"2018-02-13T01:49:20","modified_gmt":"2018-02-12T23:49:20","slug":"lea-vicens-en-una-corrida-mixta-en-palma-del-rio","status":"publish","type":"post","link":"https:\/\/leavicens.com\/fr_FR\/lea-vicens-en-una-corrida-mixta-en-palma-del-rio\/","title":{"rendered":"L\u00c9A VICENS, EN UNA CORRIDA MIXTA EN PALMA DEL R\u00cdO"},"content":{"rendered":"<p><a href=\"http:\/\/leavicens.com\/lvicens\/wp-content\/uploads\/2018\/02\/Lea-Presentacion-Palma-del-R--o.jpg\"><img loading=\"lazy\" class=\"size-medium wp-image-3107 aligncenter\" src=\"http:\/\/leavicens.com\/lvicens\/wp-content\/uploads\/2018\/02\/Lea-Presentacion-Palma-del-R--o-300x225.jpg\" alt=\"\" width=\"300\" height=\"225\" \/><\/a><\/p>\n<p style=\"text-align: justify;\">Foto del acto de presentaci\u00f3n con el Alcalde de Palma del R\u00edo, Jos\u00e9 Antonio Ruiz; los matadores de toros Manuel D\u00edaz \u2018El Cordob\u00e9s\u2019 y Javier Benjumea, y el Director General de Grupo Vientobravo, Jos\u00e9 Antonio Cejudo.<\/p>\n<p>&nbsp;<\/p>\n<p style=\"text-align: justify;\">En la tarde del lunes 12 de febrero, <strong>la Casa-Museo de Manuel Ben\u00edtez \u2018El Cordob\u00e9s\u2019<\/strong>, de <strong>Palma del R\u00edo (C\u00f3rdoba)<\/strong>, ha albergado la presentaci\u00f3n\u00a0 de la &#8216;<strong>Corrida de Toros Mixta&#8217;<\/strong> que se celebrar\u00e1 en esta localidad, <strong>el pr\u00f3ximo 10 de marzo<\/strong>, y que ser\u00e1 el pistoletazo de salida de los festejos mayores de la temporada taurina de la provincia de <strong>C\u00f3rdoba.<\/strong><\/p>\n<p style=\"text-align: justify;\"><strong><span style=\"text-decoration: underline;\">Cartel<\/span><\/strong><\/p>\n<p style=\"text-align: justify;\">Las reses que saltar\u00e1n al albero palme\u00f1o, dos, para rejones, llevar\u00e1n el hierro de la <strong>ganader\u00eda de Peralta<\/strong>, que dar\u00e1 cumplida cuenta de ellas la rejoneadora, <strong>Lea Vicens<\/strong> <em>(n\u00famero uno del escalaf\u00f3n del 2017)<\/em>; y cuatro, el de <strong>D. Carlos N\u00fa\u00f1ez,<\/strong> para los matadores de toros, <strong>Manuel D\u00edaz \u2018El Cordob\u00e9s\u2019<\/strong> y <strong>Javier Benjumea.<\/strong><\/p>\n","protected":false},"excerpt":{"rendered":"<p>Foto del acto de presentaci\u00f3n con el Alcalde de Palma del R\u00edo, Jos\u00e9 Antonio Ruiz; los matadores de toros Manuel&#8230;<\/p>\n","protected":false},"author":4,"featured_media":2514,"comment_status":"open","ping_status":"open","sticky":true,"template":"","format":"standard","meta":[],"categories":[20,1],"tags":[],"_links":{"self":[{"href":"https:\/\/leavicens.com\/fr_FR\/wp-json\/wp\/v2\/posts\/3106"}],"collection":[{"href":"https:\/\/leavicens.com\/fr_FR\/wp-json\/wp\/v2\/posts"}],"about":[{"href":"https:\/\/leavicens.com\/fr_FR\/wp-json\/wp\/v2\/types\/post"}],"author":[{"embeddable":true,"href":"https:\/\/leavicens.com\/fr_FR\/wp-json\/wp\/v2\/users\/4"}],"replies":[{"embeddable":true,"href":"https:\/\/leavicens.com\/fr_FR\/wp-json\/wp\/v2\/comments?post=3106"}],"version-history":[{"count":1,"href":"https:\/\/leavicens.com\/fr_FR\/wp-json\/wp\/v2\/posts\/3106\/revisions"}],"predecessor-version":[{"id":3108,"href":"https:\/\/leavicens.com\/fr_FR\/wp-json\/wp\/v2\/posts\/3106\/revisions\/3108"}],"wp:featuredmedia":[{"embeddable":true,"href":"https:\/\/leavicens.com\/fr_FR\/wp-json\/wp\/v2\/media\/2514"}],"wp:attachment":[{"href":"https:\/\/leavicens.com\/fr_FR\/wp-json\/wp\/v2\/media?parent=3106"}],"wp:term":[{"taxonomy":"category","embeddable":true,"href":"https:\/\/leavicens.com\/fr_FR\/wp-json\/wp\/v2\/categories?post=3106"},{"taxonomy":"post_tag","embeddable":true,"href":"https:\/\/leavicens.com\/fr_FR\/wp-json\/wp\/v2\/tags?post=3106"}],"curies":[{"name":"wp","href":"https:\/\/api.w.org\/{rel}","templated":true}]}}