{"id":3126,"date":"2018-02-22T12:42:40","date_gmt":"2018-02-22T10:42:40","guid":{"rendered":"http:\/\/leavicens.com\/?p=3126"},"modified":"2018-02-22T12:43:15","modified_gmt":"2018-02-22T10:43:15","slug":"lea-vicens-el-sabado-de-gloria-en-una-gran-mixta-en-cabra","status":"publish","type":"post","link":"https:\/\/leavicens.com\/fr_FR\/lea-vicens-el-sabado-de-gloria-en-una-gran-mixta-en-cabra\/","title":{"rendered":"L\u00c9A VICENS, EL S\u00c1BADO DE GLORIA EN UNA GRAN MIXTA EN CABRA"},"content":{"rendered":"<p style=\"text-align: justify;\">La localidad cordobesa de <strong>Cabra<\/strong> ha programado una <strong>extraordinaria corrida de toros mixta<\/strong> para el pr\u00f3ximo <strong>31 de marzo.<\/strong> Un festejo con figuras para conmemorar <strong>&#8216;El S\u00e1bado de Gloria&#8217;<\/strong> que encabezar\u00e1 <strong>L\u00e9a Vicens<\/strong> a caballo y que le seguir\u00e1n a pie los diestros <strong>Juan Serrano &#8216;Finito de C\u00f3rdoba&#8217; Juan Jos\u00e9 Padilla<\/strong> y <strong>David Fandila &#8216;El Fandi.<\/strong> El importante festejo comenzar\u00e1 a las <strong>18:00 h<\/strong> y para la ocasi\u00f3n se lidiaran astados de <strong>Hermanos Peralta<\/strong> y <strong>Osborne.\u00a0<img loading=\"lazy\" class=\"size-medium wp-image-3125 aligncenter\" src=\"http:\/\/leavicens.com\/lvicens\/wp-content\/uploads\/2018\/02\/IMG_9458-180x300.jpg\" alt=\"\" width=\"180\" height=\"300\" \/><\/strong><\/p>\n","protected":false},"excerpt":{"rendered":"<p>La localidad cordobesa de Cabra ha programado una extraordinaria corrida de toros mixta para el pr\u00f3ximo 31 de marzo. Un&#8230;<\/p>\n","protected":false},"author":4,"featured_media":3127,"comment_status":"open","ping_status":"open","sticky":true,"template":"","format":"standard","meta":[],"categories":[20,1],"tags":[],"_links":{"self":[{"href":"https:\/\/leavicens.com\/fr_FR\/wp-json\/wp\/v2\/posts\/3126"}],"collection":[{"href":"https:\/\/leavicens.com\/fr_FR\/wp-json\/wp\/v2\/posts"}],"about":[{"href":"https:\/\/leavicens.com\/fr_FR\/wp-json\/wp\/v2\/types\/post"}],"author":[{"embeddable":true,"href":"https:\/\/leavicens.com\/fr_FR\/wp-json\/wp\/v2\/users\/4"}],"replies":[{"embeddable":true,"href":"https:\/\/leavicens.com\/fr_FR\/wp-json\/wp\/v2\/comments?post=3126"}],"version-history":[{"count":1,"href":"https:\/\/leavicens.com\/fr_FR\/wp-json\/wp\/v2\/posts\/3126\/revisions"}],"predecessor-version":[{"id":3128,"href":"https:\/\/leavicens.com\/fr_FR\/wp-json\/wp\/v2\/posts\/3126\/revisions\/3128"}],"wp:featuredmedia":[{"embeddable":true,"href":"https:\/\/leavicens.com\/fr_FR\/wp-json\/wp\/v2\/media\/3127"}],"wp:attachment":[{"href":"https:\/\/leavicens.com\/fr_FR\/wp-json\/wp\/v2\/media?parent=3126"}],"wp:term":[{"taxonomy":"category","embeddable":true,"href":"https:\/\/leavicens.com\/fr_FR\/wp-json\/wp\/v2\/categories?post=3126"},{"taxonomy":"post_tag","embeddable":true,"href":"https:\/\/leavicens.com\/fr_FR\/wp-json\/wp\/v2\/tags?post=3126"}],"curies":[{"name":"wp","href":"https:\/\/api.w.org\/{rel}","templated":true}]}}