{"id":3129,"date":"2018-02-25T17:30:27","date_gmt":"2018-02-25T15:30:27","guid":{"rendered":"http:\/\/leavicens.com\/?p=3129"},"modified":"2018-03-06T02:48:52","modified_gmt":"2018-03-06T00:48:52","slug":"lea-vicens-abre-la-temporada-cortando-una-oreja-en-aracena","status":"publish","type":"post","link":"https:\/\/leavicens.com\/fr_FR\/lea-vicens-abre-la-temporada-cortando-una-oreja-en-aracena\/","title":{"rendered":"L\u00c9A VICENS, ABRE LA TEMPORADA CORTANDO UNA OREJA EN EL FESTIVAL DE ARACENA"},"content":{"rendered":"<p style=\"text-align: center;\"><strong>\u00abPrimera oreja de la Temporada para L\u00e9a Vicens\u00bb<\/strong><\/p>\n<p style=\"text-align: justify;\">Abr\u00eda el festival <strong>Lea Vicens<\/strong> que tras un llamativo y vistoso tercio de banderillas cortar\u00eda la primera oreja de la ma\u00f1ana. L\u00e9a que se top\u00f3 con un animal deslucido tir\u00f3 de oficio y buenas formas para ahormar una faena muy por encima de su oponente.\u00a0 Oreja.<\/p>\n<p><img loading=\"lazy\" class=\"size-medium wp-image-3130 aligncenter\" src=\"http:\/\/leavicens.com\/lvicens\/wp-content\/uploads\/2018\/02\/aracena-plaza-de-toros-300x171.jpg\" alt=\"\" width=\"300\" height=\"171\" \/><span style=\"text-decoration: underline;\"><strong>FICHA DEL FESTEJO<\/strong><\/span><\/p>\n<p><strong>Plaza de toros de Aracena<\/strong> (Huelva)<\/p>\n<p>Festival Taurino Mixto con tres cuartos de entrada.<\/p>\n<p>Se lidiaron cinco novillos de la ganader\u00eda de Soto De la Fuente y un real de Gabriel Rojas.<\/p>\n<p><strong>Lea Vicens; Oreja.<\/strong><\/p>\n<p>Pepe Luis V\u00e1zquez; Ovaci\u00f3n.<\/p>\n<p>Juan Serrano &#8216;Finito de C\u00f3rdoba&#8217;; Dos orejas.<\/p>\n<p>Jos\u00e9 Garrido; Ovaci\u00f3n.<\/p>\n<p>Joaqu\u00edn Gald\u00f3s; Oreja.<\/p>\n<p>Manolo V\u00e1zquez; Palmas.<\/p>\n<p>Foto: <span style=\"text-decoration: underline;\">J. Manu Pedraja<\/span><\/p>\n","protected":false},"excerpt":{"rendered":"<p>\u00abPrimera oreja de la Temporada para L\u00e9a Vicens\u00bb Abr\u00eda el festival Lea Vicens que tras un llamativo y vistoso tercio&#8230;<\/p>\n","protected":false},"author":4,"featured_media":3131,"comment_status":"open","ping_status":"open","sticky":true,"template":"","format":"standard","meta":[],"categories":[20,1],"tags":[],"_links":{"self":[{"href":"https:\/\/leavicens.com\/fr_FR\/wp-json\/wp\/v2\/posts\/3129"}],"collection":[{"href":"https:\/\/leavicens.com\/fr_FR\/wp-json\/wp\/v2\/posts"}],"about":[{"href":"https:\/\/leavicens.com\/fr_FR\/wp-json\/wp\/v2\/types\/post"}],"author":[{"embeddable":true,"href":"https:\/\/leavicens.com\/fr_FR\/wp-json\/wp\/v2\/users\/4"}],"replies":[{"embeddable":true,"href":"https:\/\/leavicens.com\/fr_FR\/wp-json\/wp\/v2\/comments?post=3129"}],"version-history":[{"count":3,"href":"https:\/\/leavicens.com\/fr_FR\/wp-json\/wp\/v2\/posts\/3129\/revisions"}],"predecessor-version":[{"id":3200,"href":"https:\/\/leavicens.com\/fr_FR\/wp-json\/wp\/v2\/posts\/3129\/revisions\/3200"}],"wp:featuredmedia":[{"embeddable":true,"href":"https:\/\/leavicens.com\/fr_FR\/wp-json\/wp\/v2\/media\/3131"}],"wp:attachment":[{"href":"https:\/\/leavicens.com\/fr_FR\/wp-json\/wp\/v2\/media?parent=3129"}],"wp:term":[{"taxonomy":"category","embeddable":true,"href":"https:\/\/leavicens.com\/fr_FR\/wp-json\/wp\/v2\/categories?post=3129"},{"taxonomy":"post_tag","embeddable":true,"href":"https:\/\/leavicens.com\/fr_FR\/wp-json\/wp\/v2\/tags?post=3129"}],"curies":[{"name":"wp","href":"https:\/\/api.w.org\/{rel}","templated":true}]}}