{"id":3149,"date":"2018-03-05T12:04:11","date_gmt":"2018-03-05T10:04:11","guid":{"rendered":"http:\/\/leavicens.com\/?p=3149"},"modified":"2018-03-06T02:25:56","modified_gmt":"2018-03-06T00:25:56","slug":"lea-vicens-tengo-mi-propio-sello-no-soy-la-copia-de-nadie","status":"publish","type":"post","link":"https:\/\/leavicens.com\/fr_FR\/lea-vicens-tengo-mi-propio-sello-no-soy-la-copia-de-nadie\/","title":{"rendered":"L\u00c9A VICENS: \u00abTENGO MI PROPIO SELLO, NO SOY LA COPIA DE NADIE\u00bb"},"content":{"rendered":"<p><span style=\"text-decoration: underline;\"><strong>EL PERI\u00d3DICO MEDITERR\u00c1NEO\u00a0<\/strong><\/span><\/p>\n<p><strong>Entrevista: L\u00e9a Vicens, rejoneadora<\/strong><\/p>\n<h4 style=\"text-align: center;\"><strong>\u00abTengo mi propio sello, no soy la copia de nadie\u00bb<\/strong><\/h4>\n<p style=\"text-align: justify;\"><strong>La l\u00edder del escalaf\u00f3n de rejoneadores del 2017 comienza hoy en Castell\u00f3n la temporada decisiva de su consolidaci\u00f3n en todas las grandes ferias.\u00a0\u00a0<\/strong><\/p>\n<p><img loading=\"lazy\" class=\"size-medium wp-image-3150 aligncenter\" src=\"http:\/\/leavicens.com\/lvicens\/wp-content\/uploads\/2018\/03\/Lea-Periodico-300x200.jpg\" alt=\"\" width=\"300\" height=\"200\" \/><\/p>\n<p>PERSONALIDAD. La torero a caballo francesa atesora un estilo muy acusado. &#8211; aplausos<\/p>\n<p>&nbsp;<\/p>\n<p><em><span style=\"text-decoration: underline;\"><b>Jorge Casals <\/b><\/span><b>05\/03\/2018<\/b><\/em><\/p>\n<p style=\"text-align: justify;\">No soy una copia de nadie. Eso es muy dif\u00edcil de conseguir porque hoy en d\u00eda hay muchos rejoneadores que se parecen entre ellos. Yo tengo personalidad y mi sello, esa es la diferencia mayor\u00bb. As\u00ed de contundente se muestra Lea Vicens al definir su manera de interpretar el Arte de Marialva. Con el car\u00e1cter propio y necesario de los grandes que quieren ser el n\u00famero uno, pero a la vez, con esa sencillez y humildad que le caracteriza a esta rejoneadora, que va camino de escribir una p\u00e1gina hist\u00f3rica en el toreo a caballo. \u00abNo s\u00e9 si llegar\u00e9 a ser la mejor de todos los tiempos, eso lo debe decir el aficionado, no quiero pecar de arrogante. S\u00ed lucho cada d\u00eda por ser la mejor\u00bb, dice.<\/p>\n<p style=\"text-align: justify;\">El a\u00f1o pasado debut\u00f3 en la Magdalena y dej\u00f3 muy buena sensaci\u00f3n. \u00abCort\u00e9 una oreja tras una faena de nota alta y tengo muchas ganas de volver porque es un p\u00fablico muy agradable y entendido a la vez\u00bb, asegura esta francesa afincada en La Puebla del R\u00edo, donde sigue forj\u00e1ndose a la vera de sus maestros: los hermanos Peralta. \u00abMe van a exigir, pero estoy preparada. Tengo mi estilo y mi toreo propio que le gusta a mi p\u00fablico\u00bb, a\u00f1ade convencida de sus posibilidades.<\/p>\n<p style=\"text-align: justify;\">Ha dado el salto a las grandes ferias y no ha defraudado, dando la talla al lado de todos los mejores. Esta temporada vuelve a estar en ese circuito de las plazas de primer nivel, donde no ha sido f\u00e1cil llegar. \u00abLogr\u00e9 muchos triunfos el a\u00f1o pasado y por tanto, en todas las plazas en las que abr\u00ed la puerta grande voy a volver. Estoy contenta e ilusionada\u00bb. Hay motivos para estar feliz. La de 2017 no fue una temporada cualquiera para ella. \u201cEl a\u00f1o pasado me ocurrieron varias cosas hist\u00f3ricas. Fui la primera mujer que lider\u00f3 el escalaf\u00f3n de rejoneadores. Y, adem\u00e1s, fui la primera mujer que indult\u00e9 un toro y la segunda vez en la historia que lo hac\u00eda un rejoneador, ya que el primero fue Pablo Hermoso de Mendoza en Nimes, y yo lo indult\u00e9 en Istres\u00bb.<\/p>\n<p style=\"text-align: justify;\">Ahora, es tiempo de consolidar todo lo conseguido y para ello entrena duro a diario. \u00abIntento arrimarme y arriesgar lo m\u00e1ximo, como es normal, pero no consiento que un toro toque al caballo. Eso es el temple, lo que trabajo cada d\u00eda para torear de frente y sobre todo muy limpio, dentro de una obra que debe tener belleza y est\u00e9tica para que llegue a los tendidos, que los caballos no protesten, preparar y rematar bien las suertes. Eso es lo que busco, lograr esa perfecci\u00f3n en mi toreo.<\/p>\n<p style=\"text-align: left;\"><span style=\"text-decoration: underline;\"><em><strong>FUENTE:<\/strong><\/em><\/span><\/p>\n<p style=\"text-align: left;\">http:\/\/www.elperiodicomediterraneo.com\/noticias\/magdalena\/tengo-propio-sello-no-soy-copia-nadie_1133285.html<\/p>\n<p style=\"text-align: justify;\"><strong>\u00a0<\/strong><\/p>\n<p>&nbsp;<\/p>\n<p style=\"text-align: justify;\">\n","protected":false},"excerpt":{"rendered":"<p>EL PERI\u00d3DICO MEDITERR\u00c1NEO\u00a0 Entrevista: L\u00e9a Vicens, rejoneadora \u00abTengo mi propio sello, no soy la copia de nadie\u00bb La l\u00edder del&#8230;<\/p>\n","protected":false},"author":4,"featured_media":3183,"comment_status":"open","ping_status":"open","sticky":true,"template":"","format":"standard","meta":[],"categories":[19,20,1],"tags":[],"_links":{"self":[{"href":"https:\/\/leavicens.com\/fr_FR\/wp-json\/wp\/v2\/posts\/3149"}],"collection":[{"href":"https:\/\/leavicens.com\/fr_FR\/wp-json\/wp\/v2\/posts"}],"about":[{"href":"https:\/\/leavicens.com\/fr_FR\/wp-json\/wp\/v2\/types\/post"}],"author":[{"embeddable":true,"href":"https:\/\/leavicens.com\/fr_FR\/wp-json\/wp\/v2\/users\/4"}],"replies":[{"embeddable":true,"href":"https:\/\/leavicens.com\/fr_FR\/wp-json\/wp\/v2\/comments?post=3149"}],"version-history":[{"count":2,"href":"https:\/\/leavicens.com\/fr_FR\/wp-json\/wp\/v2\/posts\/3149\/revisions"}],"predecessor-version":[{"id":3153,"href":"https:\/\/leavicens.com\/fr_FR\/wp-json\/wp\/v2\/posts\/3149\/revisions\/3153"}],"wp:featuredmedia":[{"embeddable":true,"href":"https:\/\/leavicens.com\/fr_FR\/wp-json\/wp\/v2\/media\/3183"}],"wp:attachment":[{"href":"https:\/\/leavicens.com\/fr_FR\/wp-json\/wp\/v2\/media?parent=3149"}],"wp:term":[{"taxonomy":"category","embeddable":true,"href":"https:\/\/leavicens.com\/fr_FR\/wp-json\/wp\/v2\/categories?post=3149"},{"taxonomy":"post_tag","embeddable":true,"href":"https:\/\/leavicens.com\/fr_FR\/wp-json\/wp\/v2\/tags?post=3149"}],"curies":[{"name":"wp","href":"https:\/\/api.w.org\/{rel}","templated":true}]}}