{"id":3233,"date":"2018-03-08T13:22:51","date_gmt":"2018-03-08T11:22:51","guid":{"rendered":"http:\/\/leavicens.com\/?p=3233"},"modified":"2018-03-08T13:30:52","modified_gmt":"2018-03-08T11:30:52","slug":"lea-vicens-presente-en-la-primera-feria-del-mundo-san-isidro-2018","status":"publish","type":"post","link":"https:\/\/leavicens.com\/fr_FR\/lea-vicens-presente-en-la-primera-feria-del-mundo-san-isidro-2018\/","title":{"rendered":"L\u00c9A VICENS, PRESENTE EN LA PRIMERA FERIA DEL MUNDO, SAN ISIDRO 2018"},"content":{"rendered":"<p><a href=\"http:\/\/leavicens.com\/lvicens\/wp-content\/uploads\/2018\/03\/1-Lea-San-Isidro.jpg\"><img loading=\"lazy\" class=\"size-medium wp-image-3237 alignleft\" src=\"http:\/\/leavicens.com\/lvicens\/wp-content\/uploads\/2018\/03\/1-Lea-San-Isidro-300x202.jpg\" alt=\"\" width=\"300\" height=\"202\" \/><\/a><a href=\"http:\/\/leavicens.com\/lvicens\/wp-content\/uploads\/2018\/03\/2V4B0178.jpg\"><img loading=\"lazy\" class=\"size-medium wp-image-3243 alignright\" src=\"http:\/\/leavicens.com\/lvicens\/wp-content\/uploads\/2018\/03\/2V4B0178-300x200.jpg\" alt=\"\" width=\"300\" height=\"200\" \/><\/a><\/p>\n<p>&nbsp;<\/p>\n<p>&nbsp;<\/p>\n<p>&nbsp;<\/p>\n<p>&nbsp;<\/p>\n<p>&nbsp;<\/p>\n<p>&nbsp;<\/p>\n<p>&nbsp;<\/p>\n<p style=\"text-align: justify;\"><strong>Sim\u00f3n Casas<\/strong>\u00a0y\u00a0<strong>Rafael Garc\u00eda Garrido<\/strong>, empresarios de\u00a0<strong>Las Ventas<\/strong>, \u2018Plaza 1\u2019, \u00a0han presentado de forma oficial los\u00a0<strong>carteles de San Isidro<\/strong>\u00a0para la presente temporada. Una carteler\u00eda que ha sido respaldada con la presencia de\u00a0<strong>S.M. El Rey Em\u00e9rito, D. Juan Carlos.<\/strong>\u00a0Su alteza ha presidido la segunda puesta de largo que\u00a0<strong>Plaza 1<\/strong>\u00a0ha organizado para dar a conocer las combinaciones de la primera plaza del mundo.<\/p>\n<p style=\"text-align: justify;\"><strong>S.M. Rey Em\u00e9rito,\u00a0Don Juan Carlos I<\/strong>,<strong>\u00a0<\/strong>recibi\u00f3 el galard\u00f3n de\u00a0<strong>\u2018Embajador Universal de la Tauromaquia\u2019<\/strong>. <strong>Don Juan Carlos I<\/strong>\u00a0en su intervenci\u00f3n agradeci\u00f3 tal\u00a0<strong>\u201cT\u00edtulo de Embajador\u201d<\/strong>\u00a0y nuevamente volvi\u00f3 a manifestar el\u00a0<strong>\u201capoyo de corona a la tauromaquia\u201d.<\/strong><\/p>\n<p style=\"text-align: justify;\">El acto tuvo lugar el mi\u00e9rcoles 7 de marzo en el mismo ruedo de Las Ventas. Entre los\u00a0<strong>m\u00e1s de 500 invitados de todos los \u00e1mbitos de la sociedad<\/strong>\u00a0que se han dado cita esta noche, destaca la presencia de las principales figuras del toreo como\u00a0<strong>L\u00e9a Vicens,<\/strong> <strong>Enrique Ponce, Sebasti\u00e1n Castella, Juli\u00e1n L\u00f3pez \u00abEl Juli\u00bb, Victorino Mart\u00edn<\/strong>\u00a0o\u00a0<strong>Roca Rey<\/strong>.<\/p>\n<p style=\"text-align: justify;\"><strong><u>.- S\u00e1bado 2 de junio:<\/u><\/strong><strong>\u00a0<\/strong><\/p>\n<p style=\"text-align: justify;\">Toros de San Mateo, San Pelayo, Carmen Lorenzo y Pedro y\u00a0Ver\u00f3nica\u00a0Guti\u00e9rrez Lorenzo para Hermoso de Mendoza, Sergio Gal\u00e1n y <strong>Lea Vicens.<\/strong><\/p>\n<p><img loading=\"lazy\" class=\"size-medium wp-image-3238 aligncenter\" src=\"http:\/\/leavicens.com\/lvicens\/wp-content\/uploads\/2018\/03\/8-300x169.jpg\" alt=\"\" width=\"300\" height=\"169\" \/><em><strong>FOTOS: <span style=\"text-decoration: underline;\">PLAZA 1<\/span><\/strong><\/em><\/p>\n","protected":false},"excerpt":{"rendered":"<p>&nbsp; &nbsp; &nbsp; &nbsp; &nbsp; &nbsp; &nbsp; Sim\u00f3n Casas\u00a0y\u00a0Rafael Garc\u00eda Garrido, empresarios de\u00a0Las Ventas, \u2018Plaza 1\u2019, \u00a0han presentado de forma&#8230;<\/p>\n","protected":false},"author":4,"featured_media":3235,"comment_status":"open","ping_status":"open","sticky":true,"template":"","format":"standard","meta":[],"categories":[20,1],"tags":[],"_links":{"self":[{"href":"https:\/\/leavicens.com\/fr_FR\/wp-json\/wp\/v2\/posts\/3233"}],"collection":[{"href":"https:\/\/leavicens.com\/fr_FR\/wp-json\/wp\/v2\/posts"}],"about":[{"href":"https:\/\/leavicens.com\/fr_FR\/wp-json\/wp\/v2\/types\/post"}],"author":[{"embeddable":true,"href":"https:\/\/leavicens.com\/fr_FR\/wp-json\/wp\/v2\/users\/4"}],"replies":[{"embeddable":true,"href":"https:\/\/leavicens.com\/fr_FR\/wp-json\/wp\/v2\/comments?post=3233"}],"version-history":[{"count":3,"href":"https:\/\/leavicens.com\/fr_FR\/wp-json\/wp\/v2\/posts\/3233\/revisions"}],"predecessor-version":[{"id":3244,"href":"https:\/\/leavicens.com\/fr_FR\/wp-json\/wp\/v2\/posts\/3233\/revisions\/3244"}],"wp:featuredmedia":[{"embeddable":true,"href":"https:\/\/leavicens.com\/fr_FR\/wp-json\/wp\/v2\/media\/3235"}],"wp:attachment":[{"href":"https:\/\/leavicens.com\/fr_FR\/wp-json\/wp\/v2\/media?parent=3233"}],"wp:term":[{"taxonomy":"category","embeddable":true,"href":"https:\/\/leavicens.com\/fr_FR\/wp-json\/wp\/v2\/categories?post=3233"},{"taxonomy":"post_tag","embeddable":true,"href":"https:\/\/leavicens.com\/fr_FR\/wp-json\/wp\/v2\/tags?post=3233"}],"curies":[{"name":"wp","href":"https:\/\/api.w.org\/{rel}","templated":true}]}}