{"id":3253,"date":"2018-03-10T15:11:48","date_gmt":"2018-03-10T13:11:48","guid":{"rendered":"http:\/\/leavicens.com\/?p=3253"},"modified":"2018-03-10T22:43:59","modified_gmt":"2018-03-10T20:43:59","slug":"aplazada-la-mixta-de-hoy-10-03-en-palma-del-rio-para-el-8-de-abril","status":"publish","type":"post","link":"https:\/\/leavicens.com\/fr_FR\/aplazada-la-mixta-de-hoy-10-03-en-palma-del-rio-para-el-8-de-abril\/","title":{"rendered":"EL MAL TIEMPO OBLIGA A APLAZAR LA &#8216;MIXTA&#8217; DE HOY, 10.03 EN PALMA DEL R\u00cdO"},"content":{"rendered":"<div><img loading=\"lazy\" class=\"size-medium wp-image-3110 aligncenter\" src=\"http:\/\/leavicens.com\/lvicens\/wp-content\/uploads\/2018\/02\/Lea-Palma-del-R--o-199x300.jpg\" alt=\"\" width=\"199\" height=\"300\" \/><\/div>\n<div style=\"text-align: justify;\"><strong>Ante la amenaza de la inclemencias meteorol\u00f3gicas<\/strong> que causar\u00e1 la tormenta \u2018F\u00e9lix\u2019, que se est\u00e1 formando en el Oc\u00e9ano Atl\u00e1ntico, y que <strong>a partir de este s\u00e1bado<\/strong> se van a dar en la localidad cordobesa de Palma del R\u00edo, con un <strong>aviso especial de la AEMET de\u00a0temporal de viento y lluvia,\u00a0<\/strong>Grupo Vientobravo comunica que <strong>la Corrida de Toros Mixta<\/strong> que se iba a celebrar este s\u00e1bado (10 de marzo), <strong>nos hemos visto obligados a tener que llevar a cabo el aplazamiento<\/strong> de la misma.<\/div>\n<div><\/div>\n<div style=\"text-align: justify;\"><\/div>\n","protected":false},"excerpt":{"rendered":"<p>Ante la amenaza de la inclemencias meteorol\u00f3gicas que causar\u00e1 la tormenta \u2018F\u00e9lix\u2019, que se est\u00e1 formando en el Oc\u00e9ano Atl\u00e1ntico,&#8230;<\/p>\n","protected":false},"author":4,"featured_media":3255,"comment_status":"open","ping_status":"open","sticky":true,"template":"","format":"standard","meta":[],"categories":[20,1],"tags":[],"_links":{"self":[{"href":"https:\/\/leavicens.com\/fr_FR\/wp-json\/wp\/v2\/posts\/3253"}],"collection":[{"href":"https:\/\/leavicens.com\/fr_FR\/wp-json\/wp\/v2\/posts"}],"about":[{"href":"https:\/\/leavicens.com\/fr_FR\/wp-json\/wp\/v2\/types\/post"}],"author":[{"embeddable":true,"href":"https:\/\/leavicens.com\/fr_FR\/wp-json\/wp\/v2\/users\/4"}],"replies":[{"embeddable":true,"href":"https:\/\/leavicens.com\/fr_FR\/wp-json\/wp\/v2\/comments?post=3253"}],"version-history":[{"count":5,"href":"https:\/\/leavicens.com\/fr_FR\/wp-json\/wp\/v2\/posts\/3253\/revisions"}],"predecessor-version":[{"id":3268,"href":"https:\/\/leavicens.com\/fr_FR\/wp-json\/wp\/v2\/posts\/3253\/revisions\/3268"}],"wp:featuredmedia":[{"embeddable":true,"href":"https:\/\/leavicens.com\/fr_FR\/wp-json\/wp\/v2\/media\/3255"}],"wp:attachment":[{"href":"https:\/\/leavicens.com\/fr_FR\/wp-json\/wp\/v2\/media?parent=3253"}],"wp:term":[{"taxonomy":"category","embeddable":true,"href":"https:\/\/leavicens.com\/fr_FR\/wp-json\/wp\/v2\/categories?post=3253"},{"taxonomy":"post_tag","embeddable":true,"href":"https:\/\/leavicens.com\/fr_FR\/wp-json\/wp\/v2\/tags?post=3253"}],"curies":[{"name":"wp","href":"https:\/\/api.w.org\/{rel}","templated":true}]}}