{"id":3260,"date":"2018-03-09T16:58:30","date_gmt":"2018-03-09T14:58:30","guid":{"rendered":"http:\/\/leavicens.com\/?p=3260"},"modified":"2018-03-10T17:01:17","modified_gmt":"2018-03-10T15:01:17","slug":"lea-vicens-toreara-una-mixta-el-proximo-17-03-en-andujar","status":"publish","type":"post","link":"https:\/\/leavicens.com\/fr_FR\/lea-vicens-toreara-una-mixta-el-proximo-17-03-en-andujar\/","title":{"rendered":"L\u00c9A VICENS, TOREAR\u00c1 UNA MIXTA EL PR\u00d3XIMO 17.03 EN AND\u00daJAR"},"content":{"rendered":"<p style=\"text-align: center;\"><img loading=\"lazy\" class=\"size-medium wp-image-3261 aligncenter\" src=\"http:\/\/leavicens.com\/lvicens\/wp-content\/uploads\/2018\/03\/Presentacion-Andujar-300x173.jpg\" alt=\"\" width=\"300\" height=\"173\" \/>Encuentro-Presentaci\u00f3n en Sala de Caballerizas del Palacio de Los Ni\u00f1os de D. Gome de And\u00fajar<\/p>\n<p style=\"text-align: justify;\">La empresa<strong> Grupo Vientobravo<\/strong> ha llevado a cabo, en la Sala de Caballerizas del Palacio de Los Ni\u00f1os de D. Gome, de <strong>And\u00fajar<\/strong>, el Encuentro-Presentaci\u00f3n de la<strong> \u2018Corrida de Toros Mixta\u2019<\/strong> que ser\u00e1 el comienzo de temporada en la <strong>Plaza de Toros de And\u00fajar (Ja\u00e9n),<\/strong> el <strong>pr\u00f3ximo 17 de marzo<\/strong>, s\u00e1bado, en la que volver\u00e1 a los ruedos, tras el grave accidente de moto que sufri\u00f3 el pasado a\u00f1o, -cuando fue arrollado por una furgoneta en una calle de C\u00f3rdoba-, Julio Ben\u00edtez \u2018El Cordob\u00e9s\u2019.<\/p>\n<p style=\"text-align: justify;\">En un ambiente muy distendido y jovial, han departido los dos <strong>hermanos \u2018Cordobeses\u2019<\/strong>, <strong>Manuel D\u00edaz \u2018El Cordob\u00e9s\u2019<\/strong> y <strong>Julio Ben\u00edtez \u2018El Cordob\u00e9s\u2019<\/strong>, el <strong>Director General de<\/strong> <strong>Grupo Vientobravo, Jos\u00e9 Antonio Cejudo<\/strong> y el <strong>Alcalde de la Localidad<\/strong>, <strong>Francisco Huertas<\/strong>.<\/p>\n<p style=\"text-align: justify;\">Todo ellos han estado presentados y moderados por el Director de <strong>\u2018Toros para Todos\u2019<\/strong>, programa taurino de <strong>Canal Sur Televisi\u00f3n\u2019,<\/strong> <strong>Enrique Romero.<\/strong><\/p>\n<p style=\"text-align: justify;\">El acto ha terminado con un animado y amplio coloquio, en el que han participado muchos de los asistentes al mismo.<\/p>\n<p style=\"text-align: justify;\">Junto a los <strong>\u2018Cordobeses\u2019<\/strong>, har\u00e1n el pase\u00edllo el pr\u00f3ximo s\u00e1bado, la rejoneadora, <strong>Lea Vicens<\/strong>, y el matador de toros, <strong>David Fandila \u2018El Fandi\u2019,<\/strong> que se las entender\u00e1n con <strong>un toro de Peralta<\/strong> (para rejones) y <strong>seis de la ganader\u00eda de Rom\u00e1n Sorando<\/strong>, a partir de las <strong>17:00h.<\/strong><img loading=\"lazy\" class=\"size-medium wp-image-3262 aligncenter\" src=\"http:\/\/leavicens.com\/lvicens\/wp-content\/uploads\/2018\/03\/Cartel-And--jar-144x300.jpg\" alt=\"\" width=\"144\" height=\"300\" \/><\/p>\n<p>&nbsp;<\/p>\n","protected":false},"excerpt":{"rendered":"<p>Encuentro-Presentaci\u00f3n en Sala de Caballerizas del Palacio de Los Ni\u00f1os de D. Gome de And\u00fajar La empresa Grupo Vientobravo ha&#8230;<\/p>\n","protected":false},"author":4,"featured_media":0,"comment_status":"open","ping_status":"open","sticky":true,"template":"","format":"standard","meta":[],"categories":[20,1],"tags":[],"_links":{"self":[{"href":"https:\/\/leavicens.com\/fr_FR\/wp-json\/wp\/v2\/posts\/3260"}],"collection":[{"href":"https:\/\/leavicens.com\/fr_FR\/wp-json\/wp\/v2\/posts"}],"about":[{"href":"https:\/\/leavicens.com\/fr_FR\/wp-json\/wp\/v2\/types\/post"}],"author":[{"embeddable":true,"href":"https:\/\/leavicens.com\/fr_FR\/wp-json\/wp\/v2\/users\/4"}],"replies":[{"embeddable":true,"href":"https:\/\/leavicens.com\/fr_FR\/wp-json\/wp\/v2\/comments?post=3260"}],"version-history":[{"count":1,"href":"https:\/\/leavicens.com\/fr_FR\/wp-json\/wp\/v2\/posts\/3260\/revisions"}],"predecessor-version":[{"id":3263,"href":"https:\/\/leavicens.com\/fr_FR\/wp-json\/wp\/v2\/posts\/3260\/revisions\/3263"}],"wp:attachment":[{"href":"https:\/\/leavicens.com\/fr_FR\/wp-json\/wp\/v2\/media?parent=3260"}],"wp:term":[{"taxonomy":"category","embeddable":true,"href":"https:\/\/leavicens.com\/fr_FR\/wp-json\/wp\/v2\/categories?post=3260"},{"taxonomy":"post_tag","embeddable":true,"href":"https:\/\/leavicens.com\/fr_FR\/wp-json\/wp\/v2\/tags?post=3260"}],"curies":[{"name":"wp","href":"https:\/\/api.w.org\/{rel}","templated":true}]}}