{"id":328,"date":"2015-04-21T09:25:45","date_gmt":"2015-04-21T09:25:45","guid":{"rendered":"http:\/\/leavicens.com\/index.php\/?p=328"},"modified":"2015-04-21T09:25:51","modified_gmt":"2015-04-21T09:25:51","slug":"lea-vicens-estrena-pagina-web","status":"publish","type":"post","link":"https:\/\/leavicens.com\/fr_FR\/lea-vicens-estrena-pagina-web\/","title":{"rendered":"L\u00e9a Vicens estrena p\u00e1gina web"},"content":{"rendered":"<p>L\u00e9a cambia la imagen de su p\u00e1gina web, ofreciendo un nuevo formato m\u00e1s atractivo para los usuarios<\/p>\n<p>Madrid, 17 abril 2015.\u00a0La rejoneadora cambia radicalmente la imagen de su p\u00e1gina web (www.leavicens.com), ofreciendo un\u00a0Responsive Web Design\u00a0(RWD), que permitir\u00e1 observarla con total facilidad en cualquier tipo de dispositivo. Tabletas, smartphones, port\u00e1tiles\u2026 sin importar desde donde, se mostrar\u00e1 la p\u00e1gina web con una visualizaci\u00f3n adecuada.<\/p>\n<p>Con un\u00a0dise\u00f1o limpio y claro, dise\u00f1ado por la <a href=\"http:\/\/www.agencianodo.es\">Agencia NODO<\/a> y coordinado por la <a href=\"http:\/\/www.teseocomunicacion.es\">Agencia Teseo Comunicacion<\/a>,\u00a0se muestra una gran carga gr\u00e1fica en la nueva distribuci\u00f3n de la p\u00e1gina; aport\u00e1ndole de este modo un\u00a0valor a\u00f1adido\u00a0al texto de la misma, y ofreciendo im\u00e1genes no \u00fanicamente de gran calidad visual, sino tambi\u00e9n art\u00edstica.<\/p>\n<p>Dado su trayectoria y su actual recorrido, se ha considerado importante traducir la misma en\u00a03 idiomas: ingl\u00e9s, espa\u00f1ol y franc\u00e9s, dando de este modo la oportunidad de entenderla con facilidad a todos los seguidores\u00a0de la rejoneadora, sin importar su origen e idioma.<\/p>\n<p>Por \u00faltimo, destacar que L\u00e9a utilizar\u00e1 las\u00a0redes sociales\u00a0(Facebook, Instagram y Twitter) como medio de comunicaci\u00f3n con sus seguidores; mostrando de este modo m\u00e1s cercan\u00eda y proporcionando a todos ellos informaci\u00f3n de su d\u00eda a d\u00eda.<\/p>\n<p>La temporada 2015 comienza con gran ilusi\u00f3n por parte de Lea Vicens ya que tambi\u00e9n este a\u00f1o se anunci\u00f3 su incorporaci\u00f3n al equipo Mar\u00eda Sara, un referente para ella y quien dirigir\u00e1 su carrera profesional. Los triunfos en Arles, Sanl\u00facar de Barrameda y\u00a0su exitoso debut en Fallas son la antesala de una gran temporada que prosigue en Sevilla el pr\u00f3ximo d\u00eda 26 de abril o las de Dax y Nimes como pr\u00f3ximos compromisos.<\/p>\n","protected":false},"excerpt":{"rendered":"<p>L\u00e9a cambia la imagen de su p\u00e1gina web, ofreciendo un nuevo formato m\u00e1s atractivo para los usuarios Madrid, 17 abril&#8230;<\/p>\n","protected":false},"author":3,"featured_media":329,"comment_status":"open","ping_status":"open","sticky":true,"template":"","format":"standard","meta":[],"categories":[20],"tags":[],"_links":{"self":[{"href":"https:\/\/leavicens.com\/fr_FR\/wp-json\/wp\/v2\/posts\/328"}],"collection":[{"href":"https:\/\/leavicens.com\/fr_FR\/wp-json\/wp\/v2\/posts"}],"about":[{"href":"https:\/\/leavicens.com\/fr_FR\/wp-json\/wp\/v2\/types\/post"}],"author":[{"embeddable":true,"href":"https:\/\/leavicens.com\/fr_FR\/wp-json\/wp\/v2\/users\/3"}],"replies":[{"embeddable":true,"href":"https:\/\/leavicens.com\/fr_FR\/wp-json\/wp\/v2\/comments?post=328"}],"version-history":[{"count":1,"href":"https:\/\/leavicens.com\/fr_FR\/wp-json\/wp\/v2\/posts\/328\/revisions"}],"predecessor-version":[{"id":330,"href":"https:\/\/leavicens.com\/fr_FR\/wp-json\/wp\/v2\/posts\/328\/revisions\/330"}],"wp:featuredmedia":[{"embeddable":true,"href":"https:\/\/leavicens.com\/fr_FR\/wp-json\/wp\/v2\/media\/329"}],"wp:attachment":[{"href":"https:\/\/leavicens.com\/fr_FR\/wp-json\/wp\/v2\/media?parent=328"}],"wp:term":[{"taxonomy":"category","embeddable":true,"href":"https:\/\/leavicens.com\/fr_FR\/wp-json\/wp\/v2\/categories?post=328"},{"taxonomy":"post_tag","embeddable":true,"href":"https:\/\/leavicens.com\/fr_FR\/wp-json\/wp\/v2\/tags?post=328"}],"curies":[{"name":"wp","href":"https:\/\/api.w.org\/{rel}","templated":true}]}}