{"id":3367,"date":"2018-03-31T22:12:02","date_gmt":"2018-03-31T20:12:02","guid":{"rendered":"http:\/\/leavicens.com\/?p=3367"},"modified":"2018-04-01T00:50:15","modified_gmt":"2018-03-31T22:50:15","slug":"lea-vicens-se-impone-a-un-manso-en-cabra-cortando-una-valiosa-oreja","status":"publish","type":"post","link":"https:\/\/leavicens.com\/fr_FR\/lea-vicens-se-impone-a-un-manso-en-cabra-cortando-una-valiosa-oreja\/","title":{"rendered":"L\u00c9A VICENS, SE IMPONE A UN MANSO EN CABRA CORTANDO UNA VALIOSA OREJA"},"content":{"rendered":"<p style=\"text-align: center;\"><strong>\u00abOreja para L\u00e9a Vicens en la mixta celebrada en la localidad cordobesa de Cabra\u00bb<\/strong><\/p>\n<p style=\"text-align: justify;\"><strong>L\u00e9a <\/strong>volvi\u00f3 a demostrar el excelente momento que atraviesa imponi\u00e9ndose con raza y clase, al dif\u00edcil y complicado astado que abri\u00f3 plaza.<\/p>\n<p><strong><u>FICHA DEL FESTEJO <\/u><\/strong><\/p>\n<p>\u2018S\u00e1bado Santo\u2019 31 de marzo de 2018<\/p>\n<p><strong>Plaza de Toros de Cabra.<\/strong>\u00a0(C\u00f3rdoba)<\/p>\n<p>Corrida de toros mixta.<\/p>\n<p>Entrada: M\u00e1s de tres cuartos de aforo<\/p>\n<p style=\"text-align: justify;\">Un novillo de\u00a0Hnos. Peralta, para rejones, manso y parado. Toros de\u00a0Julio de la Puerta, de aceptable presencia y manejables en l\u00edneas generales. El segundo y el quinto fueron premiados con la vuelta al ruedo. Al segundo se le pidi\u00f3 el indulto.<\/p>\n<p><strong>Lea Vicens; <\/strong>Oreja.<\/p>\n<p>Finito de C\u00f3rdoba;\u00a0Oreja con petici\u00f3n de la segunda y dos orejas.<\/p>\n<p>Juan Jos\u00e9 Padilla; Dos orejas y dos orejas.<\/p>\n<p>&#8216;El Fandi&#8217;, Oreja y oreja.<\/p>\n<p><strong>\u00a0<\/strong><em><u>Aplausos:<\/u><\/em><em> https:\/\/www.aplausos.es\/noticia\/43293\/noticias\/finito-padilla-y-el-fandi-nueve-orejas-en-cabra.html<\/em><\/p>\n<p><em><span style=\"text-decoration: underline;\">Foto:<\/span> Marta Verdugo<\/em><\/p>\n","protected":false},"excerpt":{"rendered":"<p>\u00abOreja para L\u00e9a Vicens en la mixta celebrada en la localidad cordobesa de Cabra\u00bb L\u00e9a volvi\u00f3 a demostrar el excelente&#8230;<\/p>\n","protected":false},"author":4,"featured_media":3368,"comment_status":"open","ping_status":"open","sticky":true,"template":"","format":"standard","meta":[],"categories":[20,1],"tags":[],"_links":{"self":[{"href":"https:\/\/leavicens.com\/fr_FR\/wp-json\/wp\/v2\/posts\/3367"}],"collection":[{"href":"https:\/\/leavicens.com\/fr_FR\/wp-json\/wp\/v2\/posts"}],"about":[{"href":"https:\/\/leavicens.com\/fr_FR\/wp-json\/wp\/v2\/types\/post"}],"author":[{"embeddable":true,"href":"https:\/\/leavicens.com\/fr_FR\/wp-json\/wp\/v2\/users\/4"}],"replies":[{"embeddable":true,"href":"https:\/\/leavicens.com\/fr_FR\/wp-json\/wp\/v2\/comments?post=3367"}],"version-history":[{"count":2,"href":"https:\/\/leavicens.com\/fr_FR\/wp-json\/wp\/v2\/posts\/3367\/revisions"}],"predecessor-version":[{"id":3372,"href":"https:\/\/leavicens.com\/fr_FR\/wp-json\/wp\/v2\/posts\/3367\/revisions\/3372"}],"wp:featuredmedia":[{"embeddable":true,"href":"https:\/\/leavicens.com\/fr_FR\/wp-json\/wp\/v2\/media\/3368"}],"wp:attachment":[{"href":"https:\/\/leavicens.com\/fr_FR\/wp-json\/wp\/v2\/media?parent=3367"}],"wp:term":[{"taxonomy":"category","embeddable":true,"href":"https:\/\/leavicens.com\/fr_FR\/wp-json\/wp\/v2\/categories?post=3367"},{"taxonomy":"post_tag","embeddable":true,"href":"https:\/\/leavicens.com\/fr_FR\/wp-json\/wp\/v2\/tags?post=3367"}],"curies":[{"name":"wp","href":"https:\/\/api.w.org\/{rel}","templated":true}]}}