{"id":3381,"date":"2018-04-03T19:05:19","date_gmt":"2018-04-03T17:05:19","guid":{"rendered":"http:\/\/leavicens.com\/?p=3381"},"modified":"2018-04-03T19:05:52","modified_gmt":"2018-04-03T17:05:52","slug":"lea-vicens-el-proximo-domingo-8-de-abril-en-palma-del-rio","status":"publish","type":"post","link":"https:\/\/leavicens.com\/fr_FR\/lea-vicens-el-proximo-domingo-8-de-abril-en-palma-del-rio\/","title":{"rendered":"L\u00c9A VICENS, EL PR\u00d3XIMO DOMINGO 8 DE ABRIL, EN PALMA DEL R\u00cdO"},"content":{"rendered":"<p><img loading=\"lazy\" class=\"size-medium wp-image-3382 aligncenter\" src=\"http:\/\/leavicens.com\/lvicens\/wp-content\/uploads\/2018\/04\/Palma-del-R--o-2018-8-de-abril-1-199x300.jpg\" alt=\"\" width=\"199\" height=\"300\" \/><\/p>\n<p style=\"text-align: justify;\">La localidad de\u00a0<strong style=\"font-style: inherit;\">Palma del R\u00edo (C\u00f3rdoba)<\/strong>, acoger\u00e1 el pr\u00f3ximo <strong>domingo 8 de abril<\/strong>, la \u2018<strong style=\"font-style: inherit;\">Corrida de Toros Mixta\u2019<\/strong>\u00a0que hab\u00eda previsto esta localidad,\u00a0para el pasado 10 de marzo y que tuvo que ser suspendida en su d\u00eda, por culpa de la tormenta \u00b4Felix\u2019<\/p>\n<p style=\"text-align: justify;\"><strong><u>El Cartel<\/u><\/strong><\/p>\n<p style=\"text-align: justify;\">Las reses que saltar\u00e1n al albero palme\u00f1o, ser\u00e1n dos, para rejones, del hierro <strong>de Peralta<\/strong><strong>,<\/strong> para <strong>Lea Vicens<\/strong>\u00a0<em style=\"font-weight: inherit;\">(n\u00famero uno del escalaf\u00f3n del 2017)<\/em>; y cuatro, el de\u00a0<strong style=\"font-style: inherit;\">D. Carlos N\u00fa\u00f1ez,<\/strong>\u00a0para los matadores de toros,\u00a0<strong style=\"font-style: inherit;\">Manuel D\u00edaz \u2018El Cordob\u00e9s\u2019<\/strong>\u00a0y\u00a0<strong style=\"font-style: inherit;\">Javier Benjumea.<\/strong><\/p>\n<p><strong>\u00a0<\/strong><\/p>\n","protected":false},"excerpt":{"rendered":"<p>La localidad de\u00a0Palma del R\u00edo (C\u00f3rdoba), acoger\u00e1 el pr\u00f3ximo domingo 8 de abril, la \u2018Corrida de Toros Mixta\u2019\u00a0que hab\u00eda previsto&#8230;<\/p>\n","protected":false},"author":4,"featured_media":2514,"comment_status":"open","ping_status":"open","sticky":true,"template":"","format":"standard","meta":[],"categories":[20,1],"tags":[],"_links":{"self":[{"href":"https:\/\/leavicens.com\/fr_FR\/wp-json\/wp\/v2\/posts\/3381"}],"collection":[{"href":"https:\/\/leavicens.com\/fr_FR\/wp-json\/wp\/v2\/posts"}],"about":[{"href":"https:\/\/leavicens.com\/fr_FR\/wp-json\/wp\/v2\/types\/post"}],"author":[{"embeddable":true,"href":"https:\/\/leavicens.com\/fr_FR\/wp-json\/wp\/v2\/users\/4"}],"replies":[{"embeddable":true,"href":"https:\/\/leavicens.com\/fr_FR\/wp-json\/wp\/v2\/comments?post=3381"}],"version-history":[{"count":1,"href":"https:\/\/leavicens.com\/fr_FR\/wp-json\/wp\/v2\/posts\/3381\/revisions"}],"predecessor-version":[{"id":3383,"href":"https:\/\/leavicens.com\/fr_FR\/wp-json\/wp\/v2\/posts\/3381\/revisions\/3383"}],"wp:featuredmedia":[{"embeddable":true,"href":"https:\/\/leavicens.com\/fr_FR\/wp-json\/wp\/v2\/media\/2514"}],"wp:attachment":[{"href":"https:\/\/leavicens.com\/fr_FR\/wp-json\/wp\/v2\/media?parent=3381"}],"wp:term":[{"taxonomy":"category","embeddable":true,"href":"https:\/\/leavicens.com\/fr_FR\/wp-json\/wp\/v2\/categories?post=3381"},{"taxonomy":"post_tag","embeddable":true,"href":"https:\/\/leavicens.com\/fr_FR\/wp-json\/wp\/v2\/tags?post=3381"}],"curies":[{"name":"wp","href":"https:\/\/api.w.org\/{rel}","templated":true}]}}