{"id":3394,"date":"2018-04-05T23:02:04","date_gmt":"2018-04-05T21:02:04","guid":{"rendered":"http:\/\/leavicens.com\/?p=3394"},"modified":"2018-04-06T01:04:36","modified_gmt":"2018-04-05T23:04:36","slug":"lea-vicens-toreara-en-la-feria-de-mayo-de-osuna","status":"publish","type":"post","link":"https:\/\/leavicens.com\/fr_FR\/lea-vicens-toreara-en-la-feria-de-mayo-de-osuna\/","title":{"rendered":"L\u00c9A VICENS, TOREAR\u00c1 EN LA FERIA DE MAYO DE OSUNA"},"content":{"rendered":"<p><a href=\"http:\/\/leavicens.com\/lvicens\/wp-content\/uploads\/2018\/04\/Osuna-2.jpg\"><img loading=\"lazy\" class=\"wp-image-3397 alignleft\" src=\"http:\/\/leavicens.com\/lvicens\/wp-content\/uploads\/2018\/04\/Osuna-2-300x199.jpg\" alt=\"\" width=\"294\" height=\"195\" \/><\/a><img loading=\"lazy\" class=\"wp-image-3395 alignright\" src=\"http:\/\/leavicens.com\/lvicens\/wp-content\/uploads\/2018\/04\/Osuna-1-300x199.jpg\" alt=\"\" width=\"293\" height=\"194\" \/><\/p>\n<p>&nbsp;<\/p>\n<p>&nbsp;<\/p>\n<p>&nbsp;<\/p>\n<p>&nbsp;<\/p>\n<p>&nbsp;<\/p>\n<p style=\"text-align: center;\"><em>Acto de Presentaci\u00f3n<\/em><\/p>\n<p style=\"text-align: justify;\">La nueva empresa de la <strong>Plaza de Toros de San Arcadio<\/strong> <strong>(<\/strong><strong>Osuna &#8211; Sevilla)<\/strong> compuesta por <strong>Antonio Osuna<\/strong> y <strong>Carlos Z\u00fa\u00f1iga<\/strong>, han presentado de forma oficial la <strong>Feria de Mayo<\/strong>. El acto ha tenido lugar hoy jueves 5 de abril, con un auditorio que colg\u00f3 el \u201cno hay localidades\u201d.<\/p>\n<p style=\"text-align: justify;\">El evento ha contado con la presencia de los diestros <strong>Manuel Jes\u00fas \u2018El Cid\u2019<\/strong> y <strong>Pepe Moral<\/strong> quienes junto a <strong>Daniel Luque<\/strong> ser\u00e1n quienes conformen la terna que se enfrente al legendario <strong>Hierro de Zahariche<\/strong>. El cartel de rejones estar\u00e1 compuesto por <strong>Andy Cartagena<\/strong>, <strong>Diego Ventura<\/strong> y <strong>Lea Vicens<\/strong>, quien tambi\u00e9n ha estado presente en la puesta de largo de la Feria. Los astados ser\u00e1n en esta ocasi\u00f3n de <strong>Luis Terr\u00f3n.<\/strong><\/p>\n<p style=\"text-align: justify;\">La moderaci\u00f3n del acto, corri\u00f3 a cargo del periodista <strong>Juan Belmonte<\/strong>, cerrando el mismo, la\u00a0<strong>Alcaldesa<\/strong><strong>\u00a0de\u00a0Osuna<\/strong>,<strong>\u00a0D\u00f1a<\/strong>. <strong>Rosario And\u00fajar<\/strong>.<\/p>\n<p style=\"text-align: justify;\"><span style=\"text-decoration: underline;\">Las combinaciones son las siguientes:<\/span><\/p>\n<p style=\"text-align: justify;\"><strong>Viernes 11 de mayo:<\/strong> a\u00f1ojos de los Herederos del Exmo. Sr. Conde de la Maza, para la final del XXII Ciclo de Becerradas de las Escuelas Taurinas Andaluzas.<\/p>\n<p style=\"text-align: justify;\"><strong>S\u00e1bado 12 de mayo:<\/strong> Toros de Miura para Manuel Jes\u00fas \u2018El Cid\u2019, Daniel Luque y Pepe Moral.<\/p>\n<p style=\"text-align: justify;\"><strong>Domingo 13 de mayo:<\/strong> Toros de Luis Terr\u00f3n para Andy Cartagena, Diego Ventura y <strong>Lea Vicens.<\/strong><\/p>\n<p><img loading=\"lazy\" class=\"size-medium wp-image-3398 aligncenter\" src=\"http:\/\/leavicens.com\/lvicens\/wp-content\/uploads\/2018\/04\/Cartel-Osuna-142x300.jpeg\" alt=\"\" width=\"142\" height=\"300\" \/><\/p>\n<p><em><span style=\"text-decoration: underline;\">Fotos:<\/span> El Pespunte<\/em><\/p>\n","protected":false},"excerpt":{"rendered":"<p>&nbsp; &nbsp; &nbsp; &nbsp; &nbsp; Acto de Presentaci\u00f3n La nueva empresa de la Plaza de Toros de San Arcadio (Osuna&#8230;<\/p>\n","protected":false},"author":4,"featured_media":3399,"comment_status":"open","ping_status":"open","sticky":true,"template":"","format":"standard","meta":[],"categories":[20,1],"tags":[],"_links":{"self":[{"href":"https:\/\/leavicens.com\/fr_FR\/wp-json\/wp\/v2\/posts\/3394"}],"collection":[{"href":"https:\/\/leavicens.com\/fr_FR\/wp-json\/wp\/v2\/posts"}],"about":[{"href":"https:\/\/leavicens.com\/fr_FR\/wp-json\/wp\/v2\/types\/post"}],"author":[{"embeddable":true,"href":"https:\/\/leavicens.com\/fr_FR\/wp-json\/wp\/v2\/users\/4"}],"replies":[{"embeddable":true,"href":"https:\/\/leavicens.com\/fr_FR\/wp-json\/wp\/v2\/comments?post=3394"}],"version-history":[{"count":2,"href":"https:\/\/leavicens.com\/fr_FR\/wp-json\/wp\/v2\/posts\/3394\/revisions"}],"predecessor-version":[{"id":3401,"href":"https:\/\/leavicens.com\/fr_FR\/wp-json\/wp\/v2\/posts\/3394\/revisions\/3401"}],"wp:featuredmedia":[{"embeddable":true,"href":"https:\/\/leavicens.com\/fr_FR\/wp-json\/wp\/v2\/media\/3399"}],"wp:attachment":[{"href":"https:\/\/leavicens.com\/fr_FR\/wp-json\/wp\/v2\/media?parent=3394"}],"wp:term":[{"taxonomy":"category","embeddable":true,"href":"https:\/\/leavicens.com\/fr_FR\/wp-json\/wp\/v2\/categories?post=3394"},{"taxonomy":"post_tag","embeddable":true,"href":"https:\/\/leavicens.com\/fr_FR\/wp-json\/wp\/v2\/tags?post=3394"}],"curies":[{"name":"wp","href":"https:\/\/api.w.org\/{rel}","templated":true}]}}