{"id":3403,"date":"2018-04-07T11:18:29","date_gmt":"2018-04-07T09:18:29","guid":{"rendered":"http:\/\/leavicens.com\/?p=3403"},"modified":"2018-04-09T11:19:18","modified_gmt":"2018-04-09T09:19:18","slug":"lea-vicens-esta-de-luto-por-el-fallecimiento-de-d-angel-peralta","status":"publish","type":"post","link":"https:\/\/leavicens.com\/fr_FR\/lea-vicens-esta-de-luto-por-el-fallecimiento-de-d-angel-peralta\/","title":{"rendered":"L\u00c9A VICENS, LUTO POR EL FALLECIMIENTO DE D. \u00c1NGEL PERALTA"},"content":{"rendered":"<p><img loading=\"lazy\" class=\"size-medium wp-image-3407 alignleft\" src=\"http:\/\/leavicens.com\/lvicens\/wp-content\/uploads\/2018\/04\/Lea-y-Don---ngel-300x202.jpg\" alt=\"\" width=\"300\" height=\"202\" \/><\/p>\n<p><img loading=\"lazy\" class=\"wp-image-3417 alignright\" src=\"http:\/\/leavicens.com\/lvicens\/wp-content\/uploads\/2018\/04\/LeaVicens511-300x279.jpg\" alt=\"\" width=\"213\" height=\"198\" \/><\/p>\n<p>&nbsp;<\/p>\n<p>&nbsp;<\/p>\n<p>&nbsp;<\/p>\n<p>&nbsp;<\/p>\n<p>&nbsp;<\/p>\n<p>&nbsp;<\/p>\n<p style=\"text-align: justify;\"><strong>&#8216;Con un dolor inmenso\u2019,<\/strong>\u00a0porque fue\u00a0<strong>\u2018uno de los pilares\u2019<\/strong>\u00a0de su vida.\u00a0<strong>Lea Vicens<\/strong>, se expresaba as\u00ed, a los medios de\u00a0 comunicaci\u00f3n tras llegar al\u00a0<strong>Rancho El Roc\u00edo<\/strong>\u00a0para dar el \u00faltimo adi\u00f3s a su mentor,\u00a0<strong>\u00c1ngel Peralta,<\/strong>\u00a0alguien por quien\u00a0<strong>\u201csent\u00eda un cari\u00f1o muy especial hacia \u00e9l y hacia toda su familia despu\u00e9s de una convivencia diaria\u201d.<\/strong><\/p>\n<p style=\"text-align: justify;\"><strong>\u00abEl d\u00eda a d\u00eda con alguien de su dimensi\u00f3n ya no es que diera para escribir un libro, sino que daba para escribir una enciclopedia entera, me ha dejado millones de recuerdos, hoy se va alguien Gigante, en may\u00fascula, insustituible, con una dignidad y una grandeza en el toreo s\u00f3lo comparables a su enorme valor humano.<\/strong> <strong>Tan s\u00f3lo espero poder alg\u00fan d\u00eda alcanzar el nivel que me intent\u00f3 ense\u00f1ar en todas sus lecciones de vida, porque \u00c1ngel, sobre todo, era eso un caleidoscopio de valores que no diferenciaba entre clases ni escalones, para \u00e9l, todos eran iguales, sin distinciones, es m\u00e1s, siempre antepuso la felicidad de los dem\u00e1s a la suya\u2026 Era un santo\u201d,<\/strong>\u00a0recuerda afectada.<\/p>\n<p style=\"text-align: justify;\"><strong>\u201cEn los malos momentos, ha estado siempre pegado a m\u00ed, era un hombro en el que apoyarme, sobre el que auparme para salir a flote, por eso, era una persona tan querida por todo el mundo, nunca a nadie se le escuch\u00f3 hablar mal de \u00e9l. Ah\u00ed est\u00e1 el mejor elogio a su figura. A m\u00ed, en lo personal, me deja un legado tanto taurino como humano\u2019. Inmensas ense\u00f1anzas taurinas, sobre los terrenos, el toro\u2026\u2019 \u2018Pero el mejor consejo siempre fue, precisamente, no aconsejarme, darme alas de libertad, aunque no faltara nunca ese ojo suyo puesto en m\u00ed, me dej\u00f3 volar mucho, equivocarme yo sola, con mis propias decisiones, para as\u00ed aprender de los errores y crecer\u201d,<\/strong>\u00a0agradece\u00a0<strong>Lea Vicens. \u00a0<\/strong><\/p>\n<p style=\"text-align: justify;\">La amazona recuerda aquellos tiempos en los que era s\u00f3lo una chiquilla, cuando lleg\u00f3\u00a0<strong>hace 12 a\u00f1os a Espa\u00f1a<\/strong>, so\u00f1ando con abrirse paso y emular la gloria de sus faenas. El maestro\u00a0<strong>Peralta<\/strong>\u00a0le abri\u00f3 las puertas de su rancho, de su casa, de su vida e incluso hizo un pase\u00edllo m\u00e1s en\u00a0<strong>Nimes<\/strong>\u00a0para otorgarle la alternativa como simb\u00f3lico padrino de la ceremonia.<\/p>\n<p style=\"text-align: justify;\"><strong>\u201cMe acompa\u00f1\u00f3 cientos de tardes, daba igual d\u00f3nde, camin\u00f3 conmigo como mi primer apoderado, algo por lo que siento orgullo, e incluso crey\u00f3 en m\u00ed m\u00e1s que yo cuando flaqueaba el \u00e1nimo, porque otra de sus virtudes es que a todas las situaciones buenas o malas trataba de sacarle el lado positivo. Como persona, era un fil\u00f3sofo de la vida, digno siempre en todos los lugares en los que pisaba, por muy desagradable que fuera la situaci\u00f3n o serio el problema. Sacaba esa sangre fr\u00eda y calmaba cualquier situaci\u00f3n, nadie templaba situaciones como \u00e9l, creo que esa es la mejor cualidad que me ha donado todos estos a\u00f1os juntos: ponerle ese temple a la vida, porque no siempre todo es raza\u201d<\/strong>\u00a0concluye\u00a0<strong>Lea Vicens<\/strong>.<\/p>\n<p style=\"text-align: justify;\"><em><strong>D.E.P. D.\u00c1NGEL PERALTA<\/strong><\/em><\/p>\n<p>&nbsp;<\/p>\n","protected":false},"excerpt":{"rendered":"<p>&nbsp; &nbsp; &nbsp; &nbsp; &nbsp; &nbsp; &#8216;Con un dolor inmenso\u2019,\u00a0porque fue\u00a0\u2018uno de los pilares\u2019\u00a0de su vida.\u00a0Lea Vicens, se expresaba as\u00ed,&#8230;<\/p>\n","protected":false},"author":4,"featured_media":3423,"comment_status":"open","ping_status":"open","sticky":true,"template":"","format":"standard","meta":[],"categories":[20,1],"tags":[],"_links":{"self":[{"href":"https:\/\/leavicens.com\/fr_FR\/wp-json\/wp\/v2\/posts\/3403"}],"collection":[{"href":"https:\/\/leavicens.com\/fr_FR\/wp-json\/wp\/v2\/posts"}],"about":[{"href":"https:\/\/leavicens.com\/fr_FR\/wp-json\/wp\/v2\/types\/post"}],"author":[{"embeddable":true,"href":"https:\/\/leavicens.com\/fr_FR\/wp-json\/wp\/v2\/users\/4"}],"replies":[{"embeddable":true,"href":"https:\/\/leavicens.com\/fr_FR\/wp-json\/wp\/v2\/comments?post=3403"}],"version-history":[{"count":9,"href":"https:\/\/leavicens.com\/fr_FR\/wp-json\/wp\/v2\/posts\/3403\/revisions"}],"predecessor-version":[{"id":3424,"href":"https:\/\/leavicens.com\/fr_FR\/wp-json\/wp\/v2\/posts\/3403\/revisions\/3424"}],"wp:featuredmedia":[{"embeddable":true,"href":"https:\/\/leavicens.com\/fr_FR\/wp-json\/wp\/v2\/media\/3423"}],"wp:attachment":[{"href":"https:\/\/leavicens.com\/fr_FR\/wp-json\/wp\/v2\/media?parent=3403"}],"wp:term":[{"taxonomy":"category","embeddable":true,"href":"https:\/\/leavicens.com\/fr_FR\/wp-json\/wp\/v2\/categories?post=3403"},{"taxonomy":"post_tag","embeddable":true,"href":"https:\/\/leavicens.com\/fr_FR\/wp-json\/wp\/v2\/tags?post=3403"}],"curies":[{"name":"wp","href":"https:\/\/api.w.org\/{rel}","templated":true}]}}