{"id":3443,"date":"2018-04-19T15:32:42","date_gmt":"2018-04-19T13:32:42","guid":{"rendered":"http:\/\/leavicens.com\/?p=3443"},"modified":"2018-04-20T15:33:28","modified_gmt":"2018-04-20T13:33:28","slug":"la-corrida-mixta-de-andujar-se-celebrara-el-proximo-12-de-mayo","status":"publish","type":"post","link":"https:\/\/leavicens.com\/fr_FR\/la-corrida-mixta-de-andujar-se-celebrara-el-proximo-12-de-mayo\/","title":{"rendered":"LA CORRIDA MIXTA DE AND\u00daJAR, SE CELEBRAR\u00c1 EL PR\u00d3XIMO 12 DE MAYO"},"content":{"rendered":"<p style=\"text-align: center;\"><strong>\u00ab12 de mayo, d\u00eda elegido para la Corrida de Toros mixta de And\u00fajar (Ja\u00e9n)\u00bb<\/strong><\/p>\n<p style=\"text-align: justify;\">La empresa <strong>Grupo Vientobravo<\/strong> ha dado a conocer la nueva fecha para su puesta de largo en la gesti\u00f3n de la <strong>Plaza de Toros de And\u00fajar (Ja\u00e9n),<\/strong> que ser\u00e1 el <strong>pr\u00f3ximo 12 de mayo<\/strong>, s\u00e1bado, <strong>a partir de las 7 de la tarde<\/strong>, en la que celebrar\u00e1 una <strong>Corrida de Toros Mixta.<\/strong><\/p>\n<p style=\"text-align: justify;\">Har\u00e1n el pase\u00edllo tres m\u00e1ximas figuras del toreo, la rejoneadora, <strong>Lea Vicens<\/strong>, y los matadores de toros, <strong>Manuel D\u00edaz \u2018El Cordob\u00e9s\u2019<\/strong>, <strong>David Fandila \u2018El Fandi\u2019 y Julio Ben\u00edtez \u2018El Cordob\u00e9s\u2019.<\/strong><\/p>\n<p style=\"text-align: justify;\">Saltar\u00e1n al albero iliturgitano, un toro de <strong>Ferm\u00edn Boh\u00f3rquez<\/strong> (para rejones) y seis de la ganader\u00eda de <strong>Manuel Bl\u00e1zquez.<\/strong><\/p>\n<ul>\n<li style=\"text-align: justify;\"><em>Esa tarde reaparecer\u00e1, tras la dura recuperaci\u00f3n que ha llevado a cabo del grave accidente en el que se vio involucrado el pasado a\u00f1o, -cuando fue arrollado por una furgoneta en una calle de C\u00f3rdoba-, el matador de toros, Julio Ben\u00edtez \u2018El Cordob\u00e9s\u2019.<\/em><\/li>\n<\/ul>\n","protected":false},"excerpt":{"rendered":"<p>\u00ab12 de mayo, d\u00eda elegido para la Corrida de Toros mixta de And\u00fajar (Ja\u00e9n)\u00bb La empresa Grupo Vientobravo ha dado&#8230;<\/p>\n","protected":false},"author":4,"featured_media":3444,"comment_status":"open","ping_status":"open","sticky":true,"template":"","format":"standard","meta":[],"categories":[20,1],"tags":[],"_links":{"self":[{"href":"https:\/\/leavicens.com\/fr_FR\/wp-json\/wp\/v2\/posts\/3443"}],"collection":[{"href":"https:\/\/leavicens.com\/fr_FR\/wp-json\/wp\/v2\/posts"}],"about":[{"href":"https:\/\/leavicens.com\/fr_FR\/wp-json\/wp\/v2\/types\/post"}],"author":[{"embeddable":true,"href":"https:\/\/leavicens.com\/fr_FR\/wp-json\/wp\/v2\/users\/4"}],"replies":[{"embeddable":true,"href":"https:\/\/leavicens.com\/fr_FR\/wp-json\/wp\/v2\/comments?post=3443"}],"version-history":[{"count":1,"href":"https:\/\/leavicens.com\/fr_FR\/wp-json\/wp\/v2\/posts\/3443\/revisions"}],"predecessor-version":[{"id":3445,"href":"https:\/\/leavicens.com\/fr_FR\/wp-json\/wp\/v2\/posts\/3443\/revisions\/3445"}],"wp:featuredmedia":[{"embeddable":true,"href":"https:\/\/leavicens.com\/fr_FR\/wp-json\/wp\/v2\/media\/3444"}],"wp:attachment":[{"href":"https:\/\/leavicens.com\/fr_FR\/wp-json\/wp\/v2\/media?parent=3443"}],"wp:term":[{"taxonomy":"category","embeddable":true,"href":"https:\/\/leavicens.com\/fr_FR\/wp-json\/wp\/v2\/categories?post=3443"},{"taxonomy":"post_tag","embeddable":true,"href":"https:\/\/leavicens.com\/fr_FR\/wp-json\/wp\/v2\/tags?post=3443"}],"curies":[{"name":"wp","href":"https:\/\/api.w.org\/{rel}","templated":true}]}}