{"id":3447,"date":"2018-04-23T01:38:14","date_gmt":"2018-04-22T23:38:14","guid":{"rendered":"http:\/\/leavicens.com\/?p=3447"},"modified":"2018-04-24T01:40:16","modified_gmt":"2018-04-23T23:40:16","slug":"lea-vicens-presente-en-la-excelente-feria-del-corpus-de-granada","status":"publish","type":"post","link":"https:\/\/leavicens.com\/fr_FR\/lea-vicens-presente-en-la-excelente-feria-del-corpus-de-granada\/","title":{"rendered":"L\u00c9A VICENS, PRESENTE EN LA EXCELENTE &#8216;FERIA DEL CORPUS DE GRANADA&#8217;"},"content":{"rendered":"<p><a href=\"http:\/\/leavicens.com\/lvicens\/wp-content\/uploads\/2018\/04\/IMG_2558.jpg\"><img loading=\"lazy\" class=\"size-medium wp-image-3448 aligncenter\" src=\"http:\/\/leavicens.com\/lvicens\/wp-content\/uploads\/2018\/04\/IMG_2558-300x200.jpg\" alt=\"\" width=\"300\" height=\"200\" \/><\/a><\/p>\n<p style=\"text-align: center;\">Presentaci\u00f3n de la Feria 2018<\/p>\n<p><em><strong>\u00abUn ciclo compuesto por cuatro corridas de toros y una de rejones que se desarrollar\u00e1 del 30 de mayo al 3 de junio\u00bb<\/strong><\/em><\/p>\n<ul>\n<li style=\"text-align: justify;\"><em><strong>\u00a0<span style=\"text-decoration: underline;\">.- Domingo 3 de junio:<\/span> <\/strong>(Festejo de Rejones) Toros de Ben\u00edtez Cubero para Sergio Gal\u00e1n, Diego Ventura\u00a0y<strong>\u00a0Lea Vicens<\/strong><\/em><\/li>\n<\/ul>\n<p style=\"text-align: justify;\">La empresa <strong>Lances de Futuro<\/strong> ha presentado en la noche del lunes 23 de abril, en un institucional acto celebrado en el <strong>Real Colegio Mayor de San Bartolom\u00e9 y Santiago<\/strong> los carteles taurinos de la pr\u00f3xima <strong>Feria del Corpus 2018 de Granada.<\/strong><\/p>\n<p style=\"text-align: justify;\">El acto ha contado con la presencia del empresario de <strong>Lances de Futuro, Jos\u00e9 Mar\u00eda Garz\u00f3n,<\/strong> y el <strong>Consejero Delegado de la propietaria de la Plaza de Toros de Granada (Taurina de Granada S.A.), Salvador Fern\u00e1ndez F\u00e1bregas. <\/strong>Una presentaci\u00f3n que ha estado conducida por la periodista <strong>Pilar Collantes<\/strong><\/p>\n<p><u>Carteles: <\/u><\/p>\n<p style=\"text-align: justify;\"><strong>.- Mi\u00e9rcoles 30 de mayo:<\/strong> Toros de Castillejo de Huebra\u00a0para\u00a0Juan Bautista, Joaqu\u00edn Gald\u00f3s y \u00c1lvaro Lorenzo.<\/p>\n<p style=\"text-align: justify;\"><strong>.- Jueves 31\u00a0de mayo:<\/strong> Antonio Ferrera, Jos\u00e9 Garrido\u00a0y\u00a0Gin\u00e9s Mar\u00edn\u00a0lidiar\u00e1n un encierro de\u00a0Salvador Gavira.<\/p>\n<p style=\"text-align: justify;\"><strong>.- Viernes 1 de junio:<\/strong>\u00a0Juli\u00e1n L\u00f3pez \u2018El Juli\u2019, David Fandila \u2018El Fandi\u2019\u00a0y\u00a0Roca Rey, ante toros de\u00a0Victoriano del R\u00edo.<\/p>\n<p style=\"text-align: justify;\"><strong>.- S\u00e1bado 2 de junio:\u00a0<\/strong>Morante de la Puebla, Jos\u00e9 Mar\u00eda Manzanares\u00a0y\u00a0Alejandro Talavante,\u00a0 con una corrida de\u00a0N\u00fa\u00f1ez del Cuvillo.<\/p>\n<p style=\"text-align: justify;\"><strong>.- Domingo 3 de junio: <\/strong>(Festejo de Rejones) Toros de Ben\u00edtez Cubero para Sergio Gal\u00e1n, Diego Ventura\u00a0y\u00a0<strong>Lea Vicens.<\/strong><img loading=\"lazy\" class=\"size-medium wp-image-3449 aligncenter\" src=\"http:\/\/leavicens.com\/lvicens\/wp-content\/uploads\/2018\/04\/Cartel-Granada-2018.jpg-168x300.png\" alt=\"\" width=\"168\" height=\"300\" \/><\/p>\n","protected":false},"excerpt":{"rendered":"<p>Presentaci\u00f3n de la Feria 2018 \u00abUn ciclo compuesto por cuatro corridas de toros y una de rejones que se desarrollar\u00e1&#8230;<\/p>\n","protected":false},"author":4,"featured_media":3450,"comment_status":"open","ping_status":"open","sticky":true,"template":"","format":"standard","meta":[],"categories":[20,1],"tags":[],"_links":{"self":[{"href":"https:\/\/leavicens.com\/fr_FR\/wp-json\/wp\/v2\/posts\/3447"}],"collection":[{"href":"https:\/\/leavicens.com\/fr_FR\/wp-json\/wp\/v2\/posts"}],"about":[{"href":"https:\/\/leavicens.com\/fr_FR\/wp-json\/wp\/v2\/types\/post"}],"author":[{"embeddable":true,"href":"https:\/\/leavicens.com\/fr_FR\/wp-json\/wp\/v2\/users\/4"}],"replies":[{"embeddable":true,"href":"https:\/\/leavicens.com\/fr_FR\/wp-json\/wp\/v2\/comments?post=3447"}],"version-history":[{"count":2,"href":"https:\/\/leavicens.com\/fr_FR\/wp-json\/wp\/v2\/posts\/3447\/revisions"}],"predecessor-version":[{"id":3452,"href":"https:\/\/leavicens.com\/fr_FR\/wp-json\/wp\/v2\/posts\/3447\/revisions\/3452"}],"wp:featuredmedia":[{"embeddable":true,"href":"https:\/\/leavicens.com\/fr_FR\/wp-json\/wp\/v2\/media\/3450"}],"wp:attachment":[{"href":"https:\/\/leavicens.com\/fr_FR\/wp-json\/wp\/v2\/media?parent=3447"}],"wp:term":[{"taxonomy":"category","embeddable":true,"href":"https:\/\/leavicens.com\/fr_FR\/wp-json\/wp\/v2\/categories?post=3447"},{"taxonomy":"post_tag","embeddable":true,"href":"https:\/\/leavicens.com\/fr_FR\/wp-json\/wp\/v2\/tags?post=3447"}],"curies":[{"name":"wp","href":"https:\/\/api.w.org\/{rel}","templated":true}]}}