{"id":3470,"date":"2018-04-27T20:35:17","date_gmt":"2018-04-27T18:35:17","guid":{"rendered":"http:\/\/leavicens.com\/?p=3470"},"modified":"2018-04-28T20:53:39","modified_gmt":"2018-04-28T18:53:39","slug":"lea-vicens-reinaugurara-la-plaza-de-toros-de-las-navas-de-san-juan","status":"publish","type":"post","link":"https:\/\/leavicens.com\/fr_FR\/lea-vicens-reinaugurara-la-plaza-de-toros-de-las-navas-de-san-juan\/","title":{"rendered":"L\u00c9A VICENS, REINAUGURAR\u00c1 LA PLAZA DE TOROS DE LAS NAVAS DE SAN JUAN"},"content":{"rendered":"<p><a href=\"http:\/\/leavicens.com\/lvicens\/wp-content\/uploads\/2018\/04\/Navas-1.jpg\"><img loading=\"lazy\" class=\"size-medium wp-image-3472 alignleft\" src=\"http:\/\/leavicens.com\/lvicens\/wp-content\/uploads\/2018\/04\/Navas-1-300x225.jpg\" alt=\"\" width=\"300\" height=\"225\" \/><\/a><a href=\"http:\/\/leavicens.com\/lvicens\/wp-content\/uploads\/2018\/04\/Navas-2.jpg\"><img loading=\"lazy\" class=\"size-medium wp-image-3473 alignright\" src=\"http:\/\/leavicens.com\/lvicens\/wp-content\/uploads\/2018\/04\/Navas-2-300x225.jpg\" alt=\"\" width=\"300\" height=\"225\" \/><\/a><\/p>\n<p>&nbsp;<\/p>\n<p>&nbsp;<\/p>\n<p>&nbsp;<\/p>\n<p>&nbsp;<\/p>\n<p>&nbsp;<\/p>\n<p>&nbsp;<\/p>\n<p>&nbsp;<\/p>\n<p style=\"text-align: center;\">Fase de las obras<\/p>\n<p style=\"text-align: justify;\">Una <strong>corrida de toros mixta <\/strong>con<strong>\u00a0L\u00e9a Vicens <\/strong>para <strong><em>\u2018Reinaugurar\u2019<\/em><\/strong> la <strong>Plaza de Navas de San Juan<\/strong> est\u00e1 programada para el <strong>pr\u00f3ximo 26 de mayo<\/strong>. Se lidiar\u00e1n astados por designar para <strong>Lea Vicens<\/strong>, <strong>Enrique Ponce, Javier Conde<\/strong> y el novillero con picadores <strong>To\u00f1ete.<\/strong><\/p>\n<ul>\n<li><strong>S\u00e1bado 26 de mayo:<\/strong>\u00a0Se lidiar\u00e1n astados por designar para\u00a0<strong>Lea Vicens<\/strong>,\u00a0<strong>Enrique Ponce, Javier Conde<\/strong>\u00a0y el novillero con picadores\u00a0<strong>To\u00f1ete.<\/strong><\/li>\n<\/ul>\n<p style=\"text-align: justify;\"><strong>El Ayuntamiento de Navas de San Juan<\/strong> ha acometido <strong>obras<\/strong> para que la plaza de toros de la localidad <strong>pueda volver a albergar festejos taurinos.<\/strong> La intervenci\u00f3n ha tenido <strong>una inversi\u00f3n cercana a los 80.000<\/strong> euros y suponen adaptar a la normativa vigente este espacio que dej\u00f3 de acoger este tipo de festejos desde hace algo <strong>m\u00e1s de diez a\u00f1os<\/strong> por no reunir los requisitos.<\/p>\n","protected":false},"excerpt":{"rendered":"<p>&nbsp; &nbsp; &nbsp; &nbsp; &nbsp; &nbsp; &nbsp; Fase de las obras Una corrida de toros mixta con\u00a0L\u00e9a Vicens para \u2018Reinaugurar\u2019&#8230;<\/p>\n","protected":false},"author":4,"featured_media":3474,"comment_status":"open","ping_status":"open","sticky":true,"template":"","format":"standard","meta":[],"categories":[20,1],"tags":[],"_links":{"self":[{"href":"https:\/\/leavicens.com\/fr_FR\/wp-json\/wp\/v2\/posts\/3470"}],"collection":[{"href":"https:\/\/leavicens.com\/fr_FR\/wp-json\/wp\/v2\/posts"}],"about":[{"href":"https:\/\/leavicens.com\/fr_FR\/wp-json\/wp\/v2\/types\/post"}],"author":[{"embeddable":true,"href":"https:\/\/leavicens.com\/fr_FR\/wp-json\/wp\/v2\/users\/4"}],"replies":[{"embeddable":true,"href":"https:\/\/leavicens.com\/fr_FR\/wp-json\/wp\/v2\/comments?post=3470"}],"version-history":[{"count":2,"href":"https:\/\/leavicens.com\/fr_FR\/wp-json\/wp\/v2\/posts\/3470\/revisions"}],"predecessor-version":[{"id":3478,"href":"https:\/\/leavicens.com\/fr_FR\/wp-json\/wp\/v2\/posts\/3470\/revisions\/3478"}],"wp:featuredmedia":[{"embeddable":true,"href":"https:\/\/leavicens.com\/fr_FR\/wp-json\/wp\/v2\/media\/3474"}],"wp:attachment":[{"href":"https:\/\/leavicens.com\/fr_FR\/wp-json\/wp\/v2\/media?parent=3470"}],"wp:term":[{"taxonomy":"category","embeddable":true,"href":"https:\/\/leavicens.com\/fr_FR\/wp-json\/wp\/v2\/categories?post=3470"},{"taxonomy":"post_tag","embeddable":true,"href":"https:\/\/leavicens.com\/fr_FR\/wp-json\/wp\/v2\/tags?post=3470"}],"curies":[{"name":"wp","href":"https:\/\/api.w.org\/{rel}","templated":true}]}}