{"id":3491,"date":"2018-05-04T11:18:04","date_gmt":"2018-05-04T09:18:04","guid":{"rendered":"http:\/\/leavicens.com\/?p=3491"},"modified":"2018-05-04T11:18:33","modified_gmt":"2018-05-04T09:18:33","slug":"lea-vicens-imagen-de-francia-en-el-mundial-del-toreo-de-plaza-1","status":"publish","type":"post","link":"https:\/\/leavicens.com\/fr_FR\/lea-vicens-imagen-de-francia-en-el-mundial-del-toreo-de-plaza-1\/","title":{"rendered":"L\u00c9A VICENS, IMAGEN DE FRANCIA EN EL &#8216;MUNDIAL DEL TOREO&#8217; DE PLAZA 1"},"content":{"rendered":"<p>&nbsp;<\/p>\n<p><img loading=\"lazy\" class=\"size-medium wp-image-3497 aligncenter\" src=\"http:\/\/leavicens.com\/lvicens\/wp-content\/uploads\/2018\/05\/5-Lea-Vicens-203x300.jpg\" alt=\"\" width=\"203\" height=\"300\" \/><\/p>\n<p style=\"text-align: center;\"><strong>\u201cLea Vicens, imagen de Francia en el Spot promocional San Isidro,<\/strong>\u00a0<strong>Plaza 1\u201d<\/strong><\/p>\n<p style=\"text-align: justify;\"><em>Representa la lucha de los oprimidos, la\u00a0<strong>Revoluci\u00f3n francesa<\/strong>\u00a0<strong>y sus valores: Libertad, igualdad, fraternidad<\/strong>. En el S. XVIII el\u00a0 nombre de\u00a0<strong>Marie y Anne <\/strong>eran muy comunes en toda Francia, sobre todo entre la poblaci\u00f3n rural, \u00a0por eso bautizaron a esta hero\u00edna como \u201c<strong>Marianne<\/strong>\u201c, una alegor\u00eda de la Madre Tierra, alimentadora, benefactora, implacable, decidida, y pasional.<\/em><\/p>\n<p>&nbsp;<\/p>\n<p style=\"text-align: justify;\"><strong>\u2018Plaza 1\u2019<\/strong>\u00a0ha lanzado una campa\u00f1a sin precedentes con un marcado car\u00e1cter antropol\u00f3gico y superando lo anterior hecho en\u00a0<strong>Madrid.<\/strong>\u00a0Se trata de la\u00a0campa\u00f1a publicitaria del<strong>\u00a0San Isidro<\/strong>\u00a0m\u00e1s internacional hasta la fecha, <strong>El Mundial del Toreo\u2019.<\/strong> Ocho nacionalidades diferentes pasar\u00e1n por el ruedo de la primera plaza del mundo para intentar tocar la gloria a base de naturales, derechazos y toreo a caballo. Por delante 34 d\u00edas de feria, y con este elenco tan multicultural, est\u00e1 claro que en esta edici\u00f3n\u00a0m\u00e1s que nunca, el mundial del toreo se juega en<strong>\u00a0Las Ventas.<\/strong><\/p>\n<p style=\"text-align: justify;\"><strong>Jos\u00e9 Ram\u00f3n Lozano<\/strong>\u00a0ha ideado una campa\u00f1a que identifica\u00a0a seis toreros que pasar\u00e1n por\u00a0<strong>Las Ventas<\/strong>\u00a0con su pa\u00eds a trav\u00e9s de diferentes pinturas sobre sus cuerpos: \u2018<strong>No existen las fronteras en el mundo del toro y quer\u00edamos representar que cada uno en su cuerpo lleva los s\u00edmbolos de su pa\u00eds con orgullo\u201d.<\/strong><\/p>\n<p style=\"text-align: justify;\">La campa\u00f1a ha sido presentada el jueves 3 de mayo, en la plaza de\u00a0toros de <strong>Las Ventas. <\/strong>Adem\u00e1s del director de la misma, estaban presentes\u00a0<strong>Rafael G. Garrido<\/strong>, Director General de Plaza 1 y <strong>Nacho Lloret,<\/strong> gerente de la empresa. El acto ha sido conducido por el periodista<strong>\u00a0Marco Rocha<\/strong>.<\/p>\n<p style=\"text-align: justify;\">En la campa\u00f1a han participado:<strong>\u00a0Juan Jos\u00e9 Padilla (Espa\u00f1a), Roca Rey (Per\u00fa), Lea Vicens (Francia), Luis Bol\u00edvar (Colombia), Luis David (M\u00e9xico) y Jes\u00fas Enrique Colombo (Venezuela).<\/strong><\/p>\n<p style=\"text-align: justify;\">Estas fotos podr\u00e1n verse en autobuses, marquesinas, mupis, kioskos, intercambiadores de transporte y dem\u00e1s soportes\u00a0 publicitarios exteriores de <strong>Madrid<\/strong>. Se suma a la gran apuesta publicitaria que hace\u00a0<strong>Plaza 1<\/strong>\u00a0en campa\u00f1a\u00a0online, prensa, gr\u00e1ficas, v\u00eddeo, radio, etc.<\/p>\n<p><a href=\"http:\/\/leavicens.com\/lvicens\/wp-content\/uploads\/2018\/05\/1-Padilla.jpg\"><img loading=\"lazy\" class=\"alignnone size-medium wp-image-3493\" src=\"http:\/\/leavicens.com\/lvicens\/wp-content\/uploads\/2018\/05\/1-Padilla-203x300.jpg\" alt=\"\" width=\"203\" height=\"300\" \/><\/a><a href=\"http:\/\/leavicens.com\/lvicens\/wp-content\/uploads\/2018\/05\/2-Roca-Rey.jpg\"><img loading=\"lazy\" class=\"alignnone size-medium wp-image-3494\" src=\"http:\/\/leavicens.com\/lvicens\/wp-content\/uploads\/2018\/05\/2-Roca-Rey-209x300.jpg\" alt=\"\" width=\"209\" height=\"300\" \/><\/a><a href=\"http:\/\/leavicens.com\/lvicens\/wp-content\/uploads\/2018\/05\/3-Luis-Bolivar.jpg\"><img loading=\"lazy\" class=\"alignnone size-medium wp-image-3495\" src=\"http:\/\/leavicens.com\/lvicens\/wp-content\/uploads\/2018\/05\/3-Luis-Bolivar-198x300.jpg\" alt=\"\" width=\"198\" height=\"300\" \/><\/a><a href=\"http:\/\/leavicens.com\/lvicens\/wp-content\/uploads\/2018\/05\/4-Luis-David-Adame.jpg\"><img loading=\"lazy\" class=\"alignnone size-medium wp-image-3496\" src=\"http:\/\/leavicens.com\/lvicens\/wp-content\/uploads\/2018\/05\/4-Luis-David-Adame-208x300.jpg\" alt=\"\" width=\"208\" height=\"300\" \/><\/a><a href=\"http:\/\/leavicens.com\/lvicens\/wp-content\/uploads\/2018\/05\/5-Lea-Vicens.jpg\"><img loading=\"lazy\" class=\"alignnone size-medium wp-image-3497\" src=\"http:\/\/leavicens.com\/lvicens\/wp-content\/uploads\/2018\/05\/5-Lea-Vicens-203x300.jpg\" alt=\"\" width=\"203\" height=\"300\" \/><\/a><a href=\"http:\/\/leavicens.com\/lvicens\/wp-content\/uploads\/2018\/05\/6-Luis-Enrique-Colombo.jpg\"><img loading=\"lazy\" class=\"alignnone size-medium wp-image-3498\" src=\"http:\/\/leavicens.com\/lvicens\/wp-content\/uploads\/2018\/05\/6-Luis-Enrique-Colombo-202x300.jpg\" alt=\"\" width=\"202\" height=\"300\" \/><\/a><\/p>\n<p><em><span style=\"text-decoration: underline;\">Fotos:<\/span> Plaza 1<\/em><\/p>\n","protected":false},"excerpt":{"rendered":"<p>&nbsp; \u201cLea Vicens, imagen de Francia en el Spot promocional San Isidro,\u00a0Plaza 1\u201d Representa la lucha de los oprimidos, la\u00a0Revoluci\u00f3n&#8230;<\/p>\n","protected":false},"author":4,"featured_media":3499,"comment_status":"open","ping_status":"open","sticky":true,"template":"","format":"standard","meta":[],"categories":[20,1],"tags":[],"_links":{"self":[{"href":"https:\/\/leavicens.com\/fr_FR\/wp-json\/wp\/v2\/posts\/3491"}],"collection":[{"href":"https:\/\/leavicens.com\/fr_FR\/wp-json\/wp\/v2\/posts"}],"about":[{"href":"https:\/\/leavicens.com\/fr_FR\/wp-json\/wp\/v2\/types\/post"}],"author":[{"embeddable":true,"href":"https:\/\/leavicens.com\/fr_FR\/wp-json\/wp\/v2\/users\/4"}],"replies":[{"embeddable":true,"href":"https:\/\/leavicens.com\/fr_FR\/wp-json\/wp\/v2\/comments?post=3491"}],"version-history":[{"count":1,"href":"https:\/\/leavicens.com\/fr_FR\/wp-json\/wp\/v2\/posts\/3491\/revisions"}],"predecessor-version":[{"id":3500,"href":"https:\/\/leavicens.com\/fr_FR\/wp-json\/wp\/v2\/posts\/3491\/revisions\/3500"}],"wp:featuredmedia":[{"embeddable":true,"href":"https:\/\/leavicens.com\/fr_FR\/wp-json\/wp\/v2\/media\/3499"}],"wp:attachment":[{"href":"https:\/\/leavicens.com\/fr_FR\/wp-json\/wp\/v2\/media?parent=3491"}],"wp:term":[{"taxonomy":"category","embeddable":true,"href":"https:\/\/leavicens.com\/fr_FR\/wp-json\/wp\/v2\/categories?post=3491"},{"taxonomy":"post_tag","embeddable":true,"href":"https:\/\/leavicens.com\/fr_FR\/wp-json\/wp\/v2\/tags?post=3491"}],"curies":[{"name":"wp","href":"https:\/\/api.w.org\/{rel}","templated":true}]}}