{"id":3502,"date":"2018-05-05T21:05:23","date_gmt":"2018-05-05T19:05:23","guid":{"rendered":"http:\/\/leavicens.com\/?p=3502"},"modified":"2018-05-06T13:06:47","modified_gmt":"2018-05-06T11:06:47","slug":"lea-vicens-en-la-mejor-feria-de-alicante-de-la-ultima-decada","status":"publish","type":"post","link":"https:\/\/leavicens.com\/fr_FR\/lea-vicens-en-la-mejor-feria-de-alicante-de-la-ultima-decada\/","title":{"rendered":"L\u00c9A VICENS, EN LA MEJOR FERIA DE ALICANTE DE LA \u00daLTIMA D\u00c9CADA"},"content":{"rendered":"<p style=\"text-align: center;\"><img loading=\"lazy\" class=\"size-medium wp-image-3504 aligncenter\" src=\"http:\/\/leavicens.com\/lvicens\/wp-content\/uploads\/2018\/05\/Alicante-presentacion-300x154.jpg\" alt=\"\" width=\"300\" height=\"154\" \/>Acto de Presentaci\u00f3n \/ Feria Taurina Hogueras 2018<\/p>\n<p>&nbsp;<\/p>\n<ul>\n<li><span style=\"text-decoration: underline;\"><em><strong>Domingo 17 junio.\u00a0<\/strong><\/em><\/span>Toros de Ferm\u00edn Boh\u00f3rquez para Pablo Hermoso de Mendoza, Andy Cartagena y <strong>Lea Vicens.<\/strong><\/li>\n<\/ul>\n<p style=\"text-align: justify;\">Un total de 4 corridas de toros, una de rejones, una novillada y dos clases pr\u00e1cticas conforman el cartel de la <strong>Feria Taurina de Hogueras 2018<\/strong>, presentado ayer s\u00e1bado 5 de mayo, en el <strong>Ayuntamiento de Alicante<\/strong> por la <strong>Concejala de la Plaza de Toros, Mar\u00eda del Carmen de Espa\u00f1a<\/strong>, el gerente de <strong>Sim\u00f3n Casas Production<\/strong> y Toros del Mediterr\u00e1neo, <strong>Nacho Lloret,<\/strong> y el torero <strong>Francisco Jos\u00e9 Palaz\u00f3n.<\/strong><\/p>\n<p style=\"text-align: justify;\">La concejala ha mostrado su ilusi\u00f3n por estas Hogueras: <strong>\u201cEs una feria que supera a las anteriores y la empresa ha hecho un esfuerzo econ\u00f3mico y de trabajo, todos los d\u00edas son merecederos de ir a la plaza\u201d. <\/strong><\/p>\n<p style=\"text-align: justify;\"><strong>Nacho Lloret<\/strong> ha mostrado la satisfacci\u00f3n de la empresa por elaborar un gran ciclo: <strong>\u201cEs sin duda la mejor feria de su categor\u00eda que se ha hecho esta temporada. Salvo el a\u00f1o de Jos\u00e9 Tom\u00e1s que desborda todo, es la mejor feria que hemos hecho en Alicante.\u201d<\/strong><\/p>\n<p style=\"text-align: justify;\"><strong>Todas las figuras<\/strong> estar\u00e1n presentes en <strong>Alicante<\/strong> con el mejor elenco ganadero. Entre los m\u00e1ximos alicientes destacar la \u00fanica tarde que <strong>Morante<\/strong> se ha anunciado en la Comunidad Valenciana, el reencuentro de <strong>El Juli<\/strong> con Domingo Hern\u00e1ndez\/Garcigrande tras el indulto de Sevilla, la presencia de <strong>Ponce, Castella, Talavante, Roca Rey, Cayetano<\/strong> y la alternativa de <strong>Diego Carretero.<\/strong> El torero alicantino <strong>Jos\u00e9 Mar\u00eda Manzanares<\/strong>. En la corrida de rejones, destacar el regreso de <strong>Pablo Hermoso de Mendoza<\/strong> tras seis a\u00f1os de ausencia y la presencia de la <strong>\u2018Lider del Escalaf\u00f3n 2017\u2019 L\u00e9a Vicens. <\/strong><\/p>\n<p style=\"text-align: justify;\"><strong><u>LOS CARTELES:<\/u><\/strong><\/p>\n<p style=\"text-align: justify;\"><strong>Domingo 17 junio.<\/strong>\u00a0Corrida de rejones. Toros de Ferm\u00edn Boh\u00f3rquez para Pablo Hermoso de Mendoza, Andy Cartagena y Lea Vicens.<\/p>\n<p style=\"text-align: justify;\"><strong>\u00a0<\/strong><strong>21 de junio.\u00a0<\/strong>Toros de Luis Algarra para Francisco Jos\u00e9 Palaz\u00f3n, Paco Ure\u00f1a y Rom\u00e1n.<\/p>\n<p style=\"text-align: justify;\"><strong>\u00a0<\/strong><strong>22 de junio.<\/strong>\u00a0Toros de N\u00fa\u00f1ez del Cuvillo para Sebasti\u00e1n Castella, Alejandro Talavante y Roca Rey.<\/p>\n<p style=\"text-align: justify;\"><strong>\u00a0<\/strong><strong>23 de junio.<\/strong>\u00a0Toros de Juan Pedro Domecq para Morante de La Puebla, Jos\u00e9 Mar\u00eda Manzanares y Diego Carretero (alternativa).<\/p>\n<p style=\"text-align: justify;\"><strong>\u00a0<\/strong><strong>24 de junio.<\/strong>\u00a0Toros de Domingo Hern\u00e1ndez \/Garcigrande para Enrique Ponce, El Juli y Cayetano.<\/p>\n<p style=\"text-align: justify;\"><strong>\u00a0<\/strong><strong>3 de agosto.<\/strong>\u00a0Novillos de Jos\u00e9 Cruz para To\u00f1ete, Jorge Rico y Borja Ximelis<\/p>\n<p style=\"text-align: justify;\">\u00a0Los festejos dar\u00e1n comienzo a las 19:00 horas.<\/p>\n<p><img loading=\"lazy\" class=\"size-medium wp-image-3503 aligncenter\" src=\"http:\/\/leavicens.com\/lvicens\/wp-content\/uploads\/2018\/05\/Cartel-de-Alicante-131x300.jpg\" alt=\"\" width=\"131\" height=\"300\" \/><\/p>\n<p><em><span style=\"text-decoration: underline;\">Foto:<\/span> Sim\u00f3n Casas Production<\/em><\/p>\n","protected":false},"excerpt":{"rendered":"<p>Acto de Presentaci\u00f3n \/ Feria Taurina Hogueras 2018 &nbsp; Domingo 17 junio.\u00a0Toros de Ferm\u00edn Boh\u00f3rquez para Pablo Hermoso de Mendoza,&#8230;<\/p>\n","protected":false},"author":4,"featured_media":3505,"comment_status":"open","ping_status":"open","sticky":true,"template":"","format":"standard","meta":[],"categories":[20,1],"tags":[],"_links":{"self":[{"href":"https:\/\/leavicens.com\/fr_FR\/wp-json\/wp\/v2\/posts\/3502"}],"collection":[{"href":"https:\/\/leavicens.com\/fr_FR\/wp-json\/wp\/v2\/posts"}],"about":[{"href":"https:\/\/leavicens.com\/fr_FR\/wp-json\/wp\/v2\/types\/post"}],"author":[{"embeddable":true,"href":"https:\/\/leavicens.com\/fr_FR\/wp-json\/wp\/v2\/users\/4"}],"replies":[{"embeddable":true,"href":"https:\/\/leavicens.com\/fr_FR\/wp-json\/wp\/v2\/comments?post=3502"}],"version-history":[{"count":1,"href":"https:\/\/leavicens.com\/fr_FR\/wp-json\/wp\/v2\/posts\/3502\/revisions"}],"predecessor-version":[{"id":3506,"href":"https:\/\/leavicens.com\/fr_FR\/wp-json\/wp\/v2\/posts\/3502\/revisions\/3506"}],"wp:featuredmedia":[{"embeddable":true,"href":"https:\/\/leavicens.com\/fr_FR\/wp-json\/wp\/v2\/media\/3505"}],"wp:attachment":[{"href":"https:\/\/leavicens.com\/fr_FR\/wp-json\/wp\/v2\/media?parent=3502"}],"wp:term":[{"taxonomy":"category","embeddable":true,"href":"https:\/\/leavicens.com\/fr_FR\/wp-json\/wp\/v2\/categories?post=3502"},{"taxonomy":"post_tag","embeddable":true,"href":"https:\/\/leavicens.com\/fr_FR\/wp-json\/wp\/v2\/tags?post=3502"}],"curies":[{"name":"wp","href":"https:\/\/api.w.org\/{rel}","templated":true}]}}