{"id":3513,"date":"2018-05-13T22:48:29","date_gmt":"2018-05-13T20:48:29","guid":{"rendered":"http:\/\/leavicens.com\/?p=3513"},"modified":"2018-05-14T10:29:23","modified_gmt":"2018-05-14T08:29:23","slug":"lea-vicens-tres-orejas-en-osuna-tras-una-excelente-tarde-de-rejoneo","status":"publish","type":"post","link":"https:\/\/leavicens.com\/fr_FR\/lea-vicens-tres-orejas-en-osuna-tras-una-excelente-tarde-de-rejoneo\/","title":{"rendered":"L\u00c9A VICENS, TRES OREJAS EN OSUNA, TRAS UNA EXCELENTE TARDE DE REJONEO"},"content":{"rendered":"<p>&nbsp;<\/p>\n<p><img loading=\"lazy\" class=\"size-medium wp-image-3514 aligncenter\" src=\"http:\/\/leavicens.com\/lvicens\/wp-content\/uploads\/2018\/05\/Lea-Osuna-300x200.jpg\" alt=\"\" width=\"300\" height=\"200\" \/><\/p>\n<p style=\"text-align: justify;\">Corrida de rejones de la <strong>Feria Taurina de Osuna<\/strong> con una entrada que casi <strong>roz\u00f3 el lleno<\/strong>. Una edici\u00f3n m\u00e1s bajo la gerencia del taurino local Antonio Navarro, en esta ocasi\u00f3n junto a Carlos Z\u00fa\u00f1iga padre.\u00a0Los tres rejoneadores a cartelados en la tarde de hoy <strong>salieron a hombros<\/strong>, tras lidiar una <strong>extraordinaria corrida del hierro de Luis Terr\u00f3n<\/strong>.<\/p>\n<p style=\"text-align: justify;\"><strong>Lea Vicens<\/strong>, la tercera del cartel. Bella rejoneadora francesa, realizo <strong>ambas faenas similares<\/strong>, con una <strong>espectacular cuadra de caballos<\/strong>. <strong>El temple y su elegante concepto se funden perfectamente con la excelente doma.<\/strong>\u00a0 Fue efectiva en la surte de matar y estuvo premiada con una oreja de su primero y con las dos en su segundo.<\/p>\n<p><strong><u>FICHA DEL FESTEJO<\/u><\/strong><\/p>\n<p>Domingo 13 de Mayo de 2018.<\/p>\n<p>Plaza de toros de Osuna, corrida de rejones.<\/p>\n<p>\u00daltimo festejo de la feria.<\/p>\n<p>Entrada: Casi lleno en tarde soleada y agradable.<\/p>\n<p>Seis de D. Luis Terr\u00f3n, bien presentados y de buen juego en general.<\/p>\n<p>Andy Cartagena; Una oreja y dos orejas y rabo.<br \/>\nDiego Ventura; Dos orejas y dos orejas.<br \/>\n<strong>Lea Vicens<\/strong>; Una oreja y Dos orejas.<\/p>\n<p><em><strong>Sevilltoro.com:<\/strong> http:\/\/sevillatoro.es\/?p=227883<\/em><\/p>\n<p><em><span style=\"text-decoration: underline;\">Foto:<\/span>\u00a0leavicens.com<\/em><\/p>\n","protected":false},"excerpt":{"rendered":"<p>&nbsp;<\/p>\n<p><img loading=\"lazy\" class=\"size-medium wp-image-3514 aligncenter\" src=\"http:\/\/leavicens.com\/lvicens\/wp-content\/uploads\/2018\/05\/Lea-Osuna-300x200.jpg\" alt=\"\" width=\"300\" height=\"200\" \/><\/p>\n<p style=\"text-align: justify;\">Corrida de rejones de la <strong>Feri&#8230;<\/p>\n","protected":false},"author":4,"featured_media":3515,"comment_status":"open","ping_status":"open","sticky":true,"template":"","format":"standard","meta":[],"categories":[20,1],"tags":[],"_links":{"self":[{"href":"https:\/\/leavicens.com\/fr_FR\/wp-json\/wp\/v2\/posts\/3513"}],"collection":[{"href":"https:\/\/leavicens.com\/fr_FR\/wp-json\/wp\/v2\/posts"}],"about":[{"href":"https:\/\/leavicens.com\/fr_FR\/wp-json\/wp\/v2\/types\/post"}],"author":[{"embeddable":true,"href":"https:\/\/leavicens.com\/fr_FR\/wp-json\/wp\/v2\/users\/4"}],"replies":[{"embeddable":true,"href":"https:\/\/leavicens.com\/fr_FR\/wp-json\/wp\/v2\/comments?post=3513"}],"version-history":[{"count":2,"href":"https:\/\/leavicens.com\/fr_FR\/wp-json\/wp\/v2\/posts\/3513\/revisions"}],"predecessor-version":[{"id":3517,"href":"https:\/\/leavicens.com\/fr_FR\/wp-json\/wp\/v2\/posts\/3513\/revisions\/3517"}],"wp:featuredmedia":[{"embeddable":true,"href":"https:\/\/leavicens.com\/fr_FR\/wp-json\/wp\/v2\/media\/3515"}],"wp:attachment":[{"href":"https:\/\/leavicens.com\/fr_FR\/wp-json\/wp\/v2\/media?parent=3513"}],"wp:term":[{"taxonomy":"category","embeddable":true,"href":"https:\/\/leavicens.com\/fr_FR\/wp-json\/wp\/v2\/categories?post=3513"},{"taxonomy":"post_tag","embeddable":true,"href":"https:\/\/leavicens.com\/fr_FR\/wp-json\/wp\/v2\/tags?post=3513"}],"curies":[{"name":"wp","href":"https:\/\/api.w.org\/{rel}","templated":true}]}}