{"id":3519,"date":"2018-05-12T23:02:00","date_gmt":"2018-05-12T21:02:00","guid":{"rendered":"http:\/\/leavicens.com\/?p=3519"},"modified":"2018-05-14T11:04:38","modified_gmt":"2018-05-14T09:04:38","slug":"lea-vicens-toreara-en-la-gran-feria-de-san-pedro-regalado-de-burgos","status":"publish","type":"post","link":"https:\/\/leavicens.com\/fr_FR\/lea-vicens-toreara-en-la-gran-feria-de-san-pedro-regalado-de-burgos\/","title":{"rendered":"L\u00c9A VICENS, TOREAR\u00c1 EN LA GRAN FERIA DE SAN PEDRO Y SAN PABLO DE BURGOS"},"content":{"rendered":"<p><img loading=\"lazy\" class=\"size-medium wp-image-3520 aligncenter\" src=\"http:\/\/leavicens.com\/lvicens\/wp-content\/uploads\/2018\/05\/Noticia-Burgos-300x200.jpg\" alt=\"\" width=\"300\" height=\"200\" \/><\/p>\n<p style=\"text-align: center;\">Acto de Presentaci\u00f3n<\/p>\n<p style=\"text-align: justify;\"><strong>Burgos<\/strong>\u00a0vivi\u00f3 una jornada taurina sin precedentes en la presentaci\u00f3n de los carteles de la <strong>Feria de San Pedro y San Pablo 2018.<\/strong> Una gala celebrada en el <strong>F\u00f3rum de la Evoluci\u00f3n Humana<\/strong> que congreg\u00f3 a cerca de 500 personas con el director general de <strong>Tauroemocion,<\/strong>\u00a0<strong>Alberto Garc\u00eda<\/strong>, y el <strong>Alcalde de<\/strong> <strong>Burgos<\/strong>,\u00a0<strong>Javier Lacalle<\/strong>\u00a0a la cabeza.<\/p>\n<ul>\n<li><em>.- <strong><span style=\"text-decoration: underline;\">Martes 3 de julio:<\/span> <\/strong>Andy Cartagena, \u00d3scar Borjas\u00a0y\u00a0<strong>Lea Vicens<\/strong>\u00a0(Gdra: La Castilleja)<\/em><\/li>\n<\/ul>\n<p style=\"text-align: justify;\">El protagonista de la Gala fue el ganadero<strong>\u00a0V\u00edctorino Mart\u00edn<\/strong>\u00a0que pronunci\u00f3 el <strong>Preg\u00f3n Taurino 2018<\/strong>. Junto al \u00e9l, asistieron al evento el matador de toros\u00a0<strong>Jos\u00e9 Ignacio Ramos<\/strong>\u00a0que reaparecer\u00e1 puntualmente en el abono para estoquear precisamente la corrida de\u00a0<strong>V\u00edctorino<\/strong>\u00a0en el a\u00f1o que se cumplen 25 de su alternativa, el ganadero\u00a0<strong>Antonio Ba\u00f1uelos<\/strong>\u00a0que celebra tambi\u00e9n este a\u00f1o las bodas de plata de su ganader\u00eda y el rejoneador\u00a0<strong>\u00d3scar Borjas<\/strong>.<\/p>\n<p style=\"text-align: justify;\">\u201c<strong>Esta es una feria importante para una ciudad que nos ha acogido los brazos abiertos. Hemos hecho una feria donde todos los d\u00edas hay alicientes, todos los d\u00edas hay un gran atractivo<\/strong>\u201d destac\u00f3 en su intervenci\u00f3n\u00a0<strong>Alberto Garc\u00eda<\/strong>.<\/p>\n<p style=\"text-align: justify;\"><u>Los carteles son los siguientes:<\/u><\/p>\n<p>.- 29 de junio:\u00a0Curro D\u00edaz, Manzanares<strong>\u00a0<\/strong>y<strong>\u00a0<\/strong>Cayetano\u00a0(Gdra: Luis Algarra)<\/p>\n<p>.- 30 de junio: Castella, Morenito de Aranda<strong>\u00a0<\/strong>y\u00a0Roca Rey<strong>\u00a0<\/strong>(Gdra: Antonio Ba\u00f1uelos)<\/p>\n<p>.- 1 de julio:\u00a0Jos\u00e9 Ignacio Ramos, Paco Ure\u00f1a<strong>\u00a0<\/strong>y\u00a0Emilio de Justo\u00a0(Gdra: Victorino)<\/p>\n<p>.- 2 de julio:\u00a0Padilla, El Fandi<strong>\u00a0<\/strong>y<strong>\u00a0<\/strong>L\u00f3pez Sim\u00f3n\u00a0(Gdra: Rom\u00e1n Sorando)<\/p>\n<p><strong>.- <u>Martes 3 de julio<\/u>: <\/strong>Andy Cartagena, \u00d3scar Borjas\u00a0y<strong>\u00a0Lea Vicens<\/strong>\u00a0(Gdra: La Castilleja)<\/p>\n<p><img loading=\"lazy\" class=\"size-medium wp-image-3521 aligncenter\" src=\"http:\/\/leavicens.com\/lvicens\/wp-content\/uploads\/2018\/05\/Cartel-de-Burgos-2018-150x300.jpg\" alt=\"\" width=\"150\" height=\"300\" \/><\/p>\n","protected":false},"excerpt":{"rendered":"<p><img loading=\"lazy\" class=\"size-medium wp-image-3520 aligncenter\" src=\"http:\/\/leavicens.com\/lvicens\/wp-content\/uploads\/2018\/05\/Noticia-Burgos-300x200.jpg\" alt=\"\" width=\"300\" height=\"200\" \/><\/p>\n<p style=\"text-align: center;\">Acto de Presentaci\u00f3n<\/p>\n<p style=\"text-al... \n\n","protected":false},"author":4,"featured_media":3522,"comment_status":"open","ping_status":"open","sticky":true,"template":"","format":"standard","meta":[],"categories":[20,1],"tags":[],"_links":{"self":[{"href":"https:\/\/leavicens.com\/fr_FR\/wp-json\/wp\/v2\/posts\/3519"}],"collection":[{"href":"https:\/\/leavicens.com\/fr_FR\/wp-json\/wp\/v2\/posts"}],"about":[{"href":"https:\/\/leavicens.com\/fr_FR\/wp-json\/wp\/v2\/types\/post"}],"author":[{"embeddable":true,"href":"https:\/\/leavicens.com\/fr_FR\/wp-json\/wp\/v2\/users\/4"}],"replies":[{"embeddable":true,"href":"https:\/\/leavicens.com\/fr_FR\/wp-json\/wp\/v2\/comments?post=3519"}],"version-history":[{"count":4,"href":"https:\/\/leavicens.com\/fr_FR\/wp-json\/wp\/v2\/posts\/3519\/revisions"}],"predecessor-version":[{"id":3527,"href":"https:\/\/leavicens.com\/fr_FR\/wp-json\/wp\/v2\/posts\/3519\/revisions\/3527"}],"wp:featuredmedia":[{"embeddable":true,"href":"https:\/\/leavicens.com\/fr_FR\/wp-json\/wp\/v2\/media\/3522"}],"wp:attachment":[{"href":"https:\/\/leavicens.com\/fr_FR\/wp-json\/wp\/v2\/media?parent=3519"}],"wp:term":[{"taxonomy":"category","embeddable":true,"href":"https:\/\/leavicens.com\/fr_FR\/wp-json\/wp\/v2\/categories?post=3519"},{"taxonomy":"post_tag","embeddable":true,"href":"https:\/\/leavicens.com\/fr_FR\/wp-json\/wp\/v2\/tags?post=3519"}],"curies":[{"name":"wp","href":"https:\/\/api.w.org\/{rel}","templated":true}]}}