{"id":3557,"date":"2018-05-26T22:26:04","date_gmt":"2018-05-26T20:26:04","guid":{"rendered":"http:\/\/leavicens.com\/?p=3557"},"modified":"2018-05-26T23:29:09","modified_gmt":"2018-05-26T21:29:09","slug":"lea-vicens-a-hombros-en-la-reinauguracion-de-las-navas-de-san-juan","status":"publish","type":"post","link":"https:\/\/leavicens.com\/fr_FR\/lea-vicens-a-hombros-en-la-reinauguracion-de-las-navas-de-san-juan\/","title":{"rendered":"L\u00c9A VICENS, A HOMBROS EN LA REINAUGURACI\u00d3N DE NAVAS DE S. JUAN"},"content":{"rendered":"<p><img loading=\"lazy\" class=\"size-medium wp-image-3558 aligncenter\" src=\"http:\/\/leavicens.com\/lvicens\/wp-content\/uploads\/2018\/05\/Navas-de-S.-Juan-1-300x200.jpg\" alt=\"\" width=\"300\" height=\"200\" \/><strong>\u00abTodos salieron en hombros en la reinauguraci\u00f3n de la Plaza de Toros de<\/strong>\u00a0<strong>Navas de San Juan (Ja\u00e9n)\u00bb<\/strong><\/p>\n<p style=\"text-align: justify;\">En una tarde en la que se cortaron once orejas y un rabo, el que logr\u00f3\u00a0Ponce\u00a0con el segundo de su lote, un extraordinario astado de\u00a0Guadalmena. De mejor condici\u00f3n fue el sexto, para el que se pidi\u00f3 el indulto y finalmente se le concedi\u00f3 la vuelta al ruedo tras ser desorejado por\u00a0Javier Cort\u00e9s. Cuatro orejas corto &#8216;To\u00f1ete&#8217;, que no se amilan\u00f3 ante sus compa\u00f1eros de cartel. Rompi\u00f3 plaza <strong>Lea Vicens<\/strong>, que cort\u00f3 las dos orejas de su \u00fanico oponente.<\/p>\n<p style=\"text-align: justify;\">Abri\u00f3 plaza un novillo noble de Enrique Ponce\u00a0para\u00a0<strong>L\u00e9a Vicens<\/strong>. Tuvo calidad el novillo, pero le falt\u00f3 empuje y transmisi\u00f3n.\u00a0<strong>L\u00e9a<\/strong>, lo puso todo en una faena de menos m\u00e1s sobre todo en el \u00faltimo tercio donde conect\u00f3 con los tendidos en banderillas. Mat\u00f3 de rej\u00f3n y un descabello y cort\u00f3 dos orejas.<\/p>\n<p><em>\u00a0<\/em><strong><u>FICHA DEL FESTEJO<\/u><\/strong><\/p>\n<p>Plaza de Toros de\u00a0Navas de San Juan\u00a0(Ja\u00e9n)<\/p>\n<p>Entrada: M\u00e1s de tres cuartos.<\/p>\n<p style=\"text-align: justify;\">Un toro\u00a0de\u00a0Enrique Ponce para rejones, con movilidad y clase. Para la lidia a pie: Toros de\u00a0Guadalmena, de gran juego presentaci\u00f3n, \u2018Cristalero\u2019,\u00a0lidiado en sexto lugar, premiado con la vuelta al ruedo.<strong>\u00a0<\/strong>Novillos deJuan Manuel Criado, de destacado juego.<\/p>\n<p><strong>Lea Vicens; <\/strong>Dos orejas.<br \/>\nEnrique Ponce; <strong>\u00a0<\/strong>Ovaci\u00f3n y dos orejas y rabo.<br \/>\nJavier Conde;Oreja y dos orejas.<br \/>\nTo\u00f1ete;<strong>\u00a0<\/strong>Dos orejas y dos orejas.<\/p>\n<p><strong><em>Mundotoro.com:<\/em><\/strong><em> http:\/\/www.mundotoro.com\/noticia\/la-reinaguracion-de-navas-de-san-juan-al-detalle\/1372147<\/em><\/p>\n<p><em><span style=\"text-decoration: underline;\">Fotos:<\/span> Carmen Moya<\/em><\/p>\n","protected":false},"excerpt":{"rendered":"<p><img loading=\"lazy\" class=\"size-medium wp-image-3558 aligncenter\" src=\"http:\/\/leavicens.com\/lvicens\/wp-content\/uploads\/2018\/05\/Navas-de-S.-Juan-1-300x200.jpg\" alt=\"\" width=\"300\" height=\"200\" \/><strong>\u00abTodos salieron en hombros en la reinauguraci\u00f3n de la Plaza de T&#8230;<\/p>\n","protected":false},"author":4,"featured_media":3559,"comment_status":"open","ping_status":"open","sticky":true,"template":"","format":"standard","meta":[],"categories":[20,1],"tags":[],"_links":{"self":[{"href":"https:\/\/leavicens.com\/fr_FR\/wp-json\/wp\/v2\/posts\/3557"}],"collection":[{"href":"https:\/\/leavicens.com\/fr_FR\/wp-json\/wp\/v2\/posts"}],"about":[{"href":"https:\/\/leavicens.com\/fr_FR\/wp-json\/wp\/v2\/types\/post"}],"author":[{"embeddable":true,"href":"https:\/\/leavicens.com\/fr_FR\/wp-json\/wp\/v2\/users\/4"}],"replies":[{"embeddable":true,"href":"https:\/\/leavicens.com\/fr_FR\/wp-json\/wp\/v2\/comments?post=3557"}],"version-history":[{"count":4,"href":"https:\/\/leavicens.com\/fr_FR\/wp-json\/wp\/v2\/posts\/3557\/revisions"}],"predecessor-version":[{"id":3563,"href":"https:\/\/leavicens.com\/fr_FR\/wp-json\/wp\/v2\/posts\/3557\/revisions\/3563"}],"wp:featuredmedia":[{"embeddable":true,"href":"https:\/\/leavicens.com\/fr_FR\/wp-json\/wp\/v2\/media\/3559"}],"wp:attachment":[{"href":"https:\/\/leavicens.com\/fr_FR\/wp-json\/wp\/v2\/media?parent=3557"}],"wp:term":[{"taxonomy":"category","embeddable":true,"href":"https:\/\/leavicens.com\/fr_FR\/wp-json\/wp\/v2\/categories?post=3557"},{"taxonomy":"post_tag","embeddable":true,"href":"https:\/\/leavicens.com\/fr_FR\/wp-json\/wp\/v2\/tags?post=3557"}],"curies":[{"name":"wp","href":"https:\/\/api.w.org\/{rel}","templated":true}]}}