{"id":3567,"date":"2018-05-27T22:47:08","date_gmt":"2018-05-27T20:47:08","guid":{"rendered":"http:\/\/leavicens.com\/?p=3567"},"modified":"2018-05-28T17:19:07","modified_gmt":"2018-05-28T15:19:07","slug":"lea-viecens-con-el-peor-lote-fue-ovacionada-en-ambos-en-cordoba","status":"publish","type":"post","link":"https:\/\/leavicens.com\/fr_FR\/lea-viecens-con-el-peor-lote-fue-ovacionada-en-ambos-en-cordoba\/","title":{"rendered":"L\u00c9A VICENS, EN C\u00d3RDOBA SIN LOTE. OVACI\u00d3N TRAS FUERTE PETICI\u00d3N EN AMBOS"},"content":{"rendered":"<p><a href=\"http:\/\/leavicens.com\/lvicens\/wp-content\/uploads\/2018\/05\/PHOTO-2018-05-28-01-16-39.jpg\"><img loading=\"lazy\" class=\"alignnone size-medium wp-image-3568\" src=\"http:\/\/leavicens.com\/lvicens\/wp-content\/uploads\/2018\/05\/PHOTO-2018-05-28-01-16-39-225x300.jpg\" alt=\"\" width=\"225\" height=\"300\" \/><\/a><a href=\"http:\/\/leavicens.com\/lvicens\/wp-content\/uploads\/2018\/05\/PHOTO-2018-05-28-01-16-41.jpg\"><img loading=\"lazy\" class=\"alignnone size-medium wp-image-3569\" src=\"http:\/\/leavicens.com\/lvicens\/wp-content\/uploads\/2018\/05\/PHOTO-2018-05-28-01-16-41-225x300.jpg\" alt=\"\" width=\"225\" height=\"300\" \/><\/a><a href=\"http:\/\/leavicens.com\/lvicens\/wp-content\/uploads\/2018\/05\/PHOTO-2018-05-28-01-16-43.jpg\"><img loading=\"lazy\" class=\"alignnone size-medium wp-image-3570\" src=\"http:\/\/leavicens.com\/lvicens\/wp-content\/uploads\/2018\/05\/PHOTO-2018-05-28-01-16-43-225x300.jpg\" alt=\"\" width=\"225\" height=\"300\" \/><\/a><\/p>\n<p style=\"text-align: center;\"><strong>\u201cLea Vicens<\/strong>, <strong>con el peor lote, fue ovacionada en ambos toros. El palco neg\u00f3 la insistente petici\u00f3n del respetable tras dos buenas faenas de L\u00e9a\u201d<\/strong><\/p>\n<p style=\"text-align: justify;\"><strong>Lea Vicens<\/strong>\u00a0sorte\u00f3 con apuro a su primer toro, tras intentar poner el rej\u00f3n de castigo a la salida. Continu\u00f3 sobre el\u00a0pit\u00f3n izquierdo, haciendo una batida muy amplia. En el tercio de banderillas el toro se doli\u00f3 ostentosamente. El caballo de este tercio, tuvo mucha expresi\u00f3n y <strong>Lea<\/strong> puso un par haciendo un\u00a0\u2018<em>tierra a tierra\u2019<\/em>\u00a0para citarle. Finaliz\u00f3 las banderillas\u00a0mientras el caballo realizaba un paso de doma cl\u00e1sica, el\u00a0\u2018<em>passage\u2019.<\/em>\u00a0El toro acus\u00f3 falta de casta y no se prest\u00f3 al lucimiento<em>. <\/em>Por esta raz\u00f3n la rejoneadora ha echado mano de repertorio de doma<em>.<\/em><\/p>\n<p style=\"text-align: justify;\">El que cerr\u00f3 plaza se doli\u00f3 de salida y se qued\u00f3 parado en los medios de la plaza. Comenz\u00f3 el tercio de banderillas y\u00a0<strong>Lea<\/strong>\u00a0tore\u00f3 de costado frente a la puerta de cuadrillas. El toro perdi\u00f3 celo y mostr\u00f3 sus querencias, por lo que la rejoneadora trat\u00f3 de d\u00e1rselo dej\u00e1ndole los cuartos traseros del caballo en la cara para corregir este defecto. Como en su toro anterior, se demand\u00f3 la oreja para la rejoneadora francesa como premio a su esfuerzo, sin que el presidente atendiera en ambos casos la petici\u00f3n.<\/p>\n<p><strong><em>Mundotoro.com:<\/em><\/strong><em> http:\/\/www.mundotoro.com\/noticia\/sigue-los-rejones-de-cordoba-online\/1372379<\/em><\/p>\n<p>&nbsp;<\/p>\n<p style=\"text-align: justify;\"><strong>Vicens<\/strong> se top\u00f3 con un primer enemigo falto de colaboraci\u00f3n y que manse\u00f3. Sin acabar de servirle, la francesa, con una doma cl\u00e1sica y elegante, propuso para combatir no sin cierta celeridad inicial. Fall\u00f3 en el primer rej\u00f3n y, una vez descubriera la complicaci\u00f3n que planteaba su enemigo, opt\u00f3 por abreviar.<\/p>\n<p style=\"text-align: justify;\">En el \u00faltimo tampoco tuvo opciones, y, pese al esfuerzo realizado, no pudo cuajar de manera completa. Al final ovaci\u00f3n para concluir un ciclo m\u00ednimo en Los Califas.<\/p>\n<p><strong><em>La Vanguardia:<\/em><\/strong><em> http:\/\/www.lavanguardia.com\/vida\/20180527\/443896586253\/ventura-y-cartagena-cortan-tres-orejas-cada-uno-en-el-fin-de-feria-de-cordoba.html<\/em><\/p>\n<p><strong><u>FICHA DEL FESTEJO<\/u><\/strong><\/p>\n<p>Plaza de toros de C\u00f3rdoba. \u00daltima corrida de la Feria de La Salud.<\/p>\n<p>Entrada: Menos de un tercio de plaza.<\/p>\n<p>Toros de Ferm\u00edn Boh\u00f3rquez, de distinto comportamiento. Destac\u00f3 el quinto.<\/p>\n<p>Andy Cartagena;<strong>\u00a0<\/strong>Oreja y\u00a0 dos orejas.<\/p>\n<p>Diego Ventura;<strong>\u00a0<\/strong>Oreja y dos orejas.<\/p>\n<p><strong>Lea Vicens;\u00a0<\/strong>Ovaci\u00f3n tras petici\u00f3n y ovaci\u00f3n tras petici\u00f3n.<\/p>\n<p><em><span style=\"text-decoration: underline;\">Fotos:<\/span> Ram\u00f3n Aza\u00f1\u00f3n<\/em><\/p>\n","protected":false},"excerpt":{"rendered":"<p><a href=\"http:\/\/leavicens.com\/lvicens\/wp-content\/uploads\/2018\/05\/PHOTO-2018-05-28-01-16-39.jpg\"><img class=\"alignnone size-medium wp-image-3568\" src=\"http:\/\/leavicens.com\/lvicens\/wp-content\/uploads\/2018\/05\/PHOTO-2018-05-28-01-16-39-225x300.jpg\" alt=\"...\n<\/p>\n","protected":false},"author":4,"featured_media":3572,"comment_status":"open","ping_status":"open","sticky":true,"template":"","format":"standard","meta":[],"categories":[20,1],"tags":[],"_links":{"self":[{"href":"https:\/\/leavicens.com\/fr_FR\/wp-json\/wp\/v2\/posts\/3567"}],"collection":[{"href":"https:\/\/leavicens.com\/fr_FR\/wp-json\/wp\/v2\/posts"}],"about":[{"href":"https:\/\/leavicens.com\/fr_FR\/wp-json\/wp\/v2\/types\/post"}],"author":[{"embeddable":true,"href":"https:\/\/leavicens.com\/fr_FR\/wp-json\/wp\/v2\/users\/4"}],"replies":[{"embeddable":true,"href":"https:\/\/leavicens.com\/fr_FR\/wp-json\/wp\/v2\/comments?post=3567"}],"version-history":[{"count":7,"href":"https:\/\/leavicens.com\/fr_FR\/wp-json\/wp\/v2\/posts\/3567\/revisions"}],"predecessor-version":[{"id":3580,"href":"https:\/\/leavicens.com\/fr_FR\/wp-json\/wp\/v2\/posts\/3567\/revisions\/3580"}],"wp:featuredmedia":[{"embeddable":true,"href":"https:\/\/leavicens.com\/fr_FR\/wp-json\/wp\/v2\/media\/3572"}],"wp:attachment":[{"href":"https:\/\/leavicens.com\/fr_FR\/wp-json\/wp\/v2\/media?parent=3567"}],"wp:term":[{"taxonomy":"category","embeddable":true,"href":"https:\/\/leavicens.com\/fr_FR\/wp-json\/wp\/v2\/categories?post=3567"},{"taxonomy":"post_tag","embeddable":true,"href":"https:\/\/leavicens.com\/fr_FR\/wp-json\/wp\/v2\/tags?post=3567"}],"curies":[{"name":"wp","href":"https:\/\/api.w.org\/{rel}","templated":true}]}}