{"id":3581,"date":"2018-05-29T12:35:14","date_gmt":"2018-05-29T10:35:14","guid":{"rendered":"http:\/\/leavicens.com\/?p=3581"},"modified":"2018-05-29T12:46:08","modified_gmt":"2018-05-29T10:46:08","slug":"lea-vicens-anunciada-en-la-relevante-feria-de-torrejon-de-ardoz-madrid","status":"publish","type":"post","link":"https:\/\/leavicens.com\/fr_FR\/lea-vicens-anunciada-en-la-relevante-feria-de-torrejon-de-ardoz-madrid\/","title":{"rendered":"L\u00c9A VICENS, ANUNCIADA EN LA RELEVANTE FERIA DE TORREJ\u00d3N DE ARDOZ (MADRID)"},"content":{"rendered":"<p style=\"text-align: center;\"><a href=\"http:\/\/leavicens.com\/lvicens\/wp-content\/uploads\/2018\/05\/Prsentaci\u00f3n-Torrej\u00f3n-de-Ardoz.jpg\"><img loading=\"lazy\" class=\"alignnone size-medium wp-image-3582\" src=\"http:\/\/leavicens.com\/lvicens\/wp-content\/uploads\/2018\/05\/Prsentaci\u00f3n-Torrej\u00f3n-de-Ardoz-300x200.jpg\" alt=\"\" width=\"300\" height=\"200\" \/><\/a><\/p>\n<p style=\"text-align: center;\"><em>Acto de presentaci\u00f3n de la Feria<\/em><\/p>\n<ul>\n<li style=\"text-align: center;\"><em><span style=\"text-decoration: underline;\"><strong>Lunes 18 de junio:<\/strong><\/span>\u00a0Gdra. Ben\u00edtez Cubero,\u00a0para\u00a0Sergio Gal\u00e1n, Andr\u00e9s Romero\u00a0y\u00a0<strong>Lea Vicens.<\/strong><\/em><\/li>\n<\/ul>\n<p>&nbsp;<\/p>\n<p style=\"text-align: justify;\">La empresa <strong>Lances de Futuro<\/strong> ha presentado en el Hotel Asset los carteles de la <strong>Feria de Torrej\u00f3n de Ardoz 2018 (Madrid).<\/strong> Un abono que est\u00e1 compuesto por <strong>dos corridas de toros y una de rejones<\/strong> m\u00e1s\u00a0un festejo de recortes y varios encierros.<\/p>\n<p style=\"text-align: justify;\">El acto ha contado con la presencia del <strong>Alcalde de la Ciudad, Ignacio V\u00e1zquez<\/strong> y la mayor\u00eda de su equipo de gobierno; del empresario<strong> Jos\u00e9 Mar\u00eda Garz\u00f3n,<\/strong>\u00a0 adem\u00e1s del matador de toros,<strong> Joaqu\u00edn Gald\u00f3s<\/strong> y del rejoneador <strong>Sergio Gal\u00e1n.<\/strong><\/p>\n<p style=\"text-align: justify;\">Las combinaciones son:<\/p>\n<p style=\"text-align: justify;\">S\u00e1bado 16 de junio: Corrida de\u00a0Buenavista,\u00a0para\u00a0Paco Ure\u00f1a, Gonzalo Caballero\u00a0y\u00a0Joaqu\u00edn Gald\u00f3s.<\/p>\n<p style=\"text-align: justify;\">Domingo 17 de junio: Encierro de\u00a0Luis Algarra\u00a0para\u00a0Cayetano, Roca Rey\u00a0y\u00a0Jos\u00e9 Garrido.<\/p>\n<p style=\"text-align: justify;\"><span style=\"text-decoration: underline;\"><strong>Lunes 18 de junio:<\/strong><\/span> Toros de Ben\u00edtez Cubero,\u00a0para\u00a0Sergio Gal\u00e1n, Andr\u00e9s Romero\u00a0y\u00a0<strong>Lea Vicens\u00a0<\/strong><\/p>\n<p style=\"text-align: justify;\">El 19 de junio est\u00e1 previsto\u00a0el concurso de recortes nocturno y adem\u00e1s los d\u00edas 16, 17 y 18 de junio habr\u00e1 encierros y suelta de reses.<\/p>\n","protected":false},"excerpt":{"rendered":"<p style=\"text-align: center;\"><a href=\"http:\/\/leavicens.com\/lvicens\/wp-content\/uploads\/2018\/05\/Prsentaci\u00f3n-Torrej\u00f3n-de-Ardoz.jpg\"><img class=\"alignnone size-medium wp-image-3582\" src=\"http:\/\/leavicens.com\/lvicens\/wp-content\/uploads\/2018\/05\/Prsentaci...\n<\/p>\n","protected":false},"author":4,"featured_media":3583,"comment_status":"open","ping_status":"open","sticky":true,"template":"","format":"standard","meta":[],"categories":[20,1],"tags":[],"_links":{"self":[{"href":"https:\/\/leavicens.com\/fr_FR\/wp-json\/wp\/v2\/posts\/3581"}],"collection":[{"href":"https:\/\/leavicens.com\/fr_FR\/wp-json\/wp\/v2\/posts"}],"about":[{"href":"https:\/\/leavicens.com\/fr_FR\/wp-json\/wp\/v2\/types\/post"}],"author":[{"embeddable":true,"href":"https:\/\/leavicens.com\/fr_FR\/wp-json\/wp\/v2\/users\/4"}],"replies":[{"embeddable":true,"href":"https:\/\/leavicens.com\/fr_FR\/wp-json\/wp\/v2\/comments?post=3581"}],"version-history":[{"count":3,"href":"https:\/\/leavicens.com\/fr_FR\/wp-json\/wp\/v2\/posts\/3581\/revisions"}],"predecessor-version":[{"id":3588,"href":"https:\/\/leavicens.com\/fr_FR\/wp-json\/wp\/v2\/posts\/3581\/revisions\/3588"}],"wp:featuredmedia":[{"embeddable":true,"href":"https:\/\/leavicens.com\/fr_FR\/wp-json\/wp\/v2\/media\/3583"}],"wp:attachment":[{"href":"https:\/\/leavicens.com\/fr_FR\/wp-json\/wp\/v2\/media?parent=3581"}],"wp:term":[{"taxonomy":"category","embeddable":true,"href":"https:\/\/leavicens.com\/fr_FR\/wp-json\/wp\/v2\/categories?post=3581"},{"taxonomy":"post_tag","embeddable":true,"href":"https:\/\/leavicens.com\/fr_FR\/wp-json\/wp\/v2\/tags?post=3581"}],"curies":[{"name":"wp","href":"https:\/\/api.w.org\/{rel}","templated":true}]}}