{"id":3590,"date":"2018-06-02T22:46:57","date_gmt":"2018-06-02T20:46:57","guid":{"rendered":"http:\/\/leavicens.com\/?p=3590"},"modified":"2018-06-03T04:38:35","modified_gmt":"2018-06-03T02:38:35","slug":"lea-vicens-oreja-tras-una-epica-faena-en-madrid-bajo-una-fuerte-lluvia","status":"publish","type":"post","link":"https:\/\/leavicens.com\/fr_FR\/lea-vicens-oreja-tras-una-epica-faena-en-madrid-bajo-una-fuerte-lluvia\/","title":{"rendered":"L\u00c9A VICENS, EN MADRID, OREJA TRAS UNA \u00c9PICA FAENA BAJO UNA FUERTE LLUVIA"},"content":{"rendered":"<p>&nbsp;<\/p>\n<p><img loading=\"lazy\" class=\"size-medium wp-image-3591 alignleft\" src=\"http:\/\/leavicens.com\/lvicens\/wp-content\/uploads\/2018\/06\/1-300x200.jpg\" alt=\"\" width=\"300\" height=\"200\" \/><a href=\"http:\/\/leavicens.com\/lvicens\/wp-content\/uploads\/2018\/06\/6.jpg\"><img loading=\"lazy\" class=\"size-medium wp-image-3592 alignright\" src=\"http:\/\/leavicens.com\/lvicens\/wp-content\/uploads\/2018\/06\/6-300x200.jpg\" alt=\"\" width=\"300\" height=\"200\" \/><\/a><\/p>\n<p>&nbsp;<\/p>\n<p>&nbsp;<\/p>\n<p>&nbsp;<\/p>\n<p>&nbsp;<\/p>\n<p>&nbsp;<\/p>\n<p><a href=\"http:\/\/leavicens.com\/lvicens\/wp-content\/uploads\/2018\/06\/5.jpg\"><img loading=\"lazy\" class=\"size-medium wp-image-3593 alignleft\" src=\"http:\/\/leavicens.com\/lvicens\/wp-content\/uploads\/2018\/06\/5-300x200.jpg\" alt=\"\" width=\"300\" height=\"200\" \/><\/a><a href=\"http:\/\/leavicens.com\/lvicens\/wp-content\/uploads\/2018\/06\/7.jpg\"><img loading=\"lazy\" class=\"size-medium wp-image-3595 alignright\" src=\"http:\/\/leavicens.com\/lvicens\/wp-content\/uploads\/2018\/06\/7-300x200.jpg\" alt=\"\" width=\"300\" height=\"200\" \/><\/a><\/p>\n<p>&nbsp;<\/p>\n<p>&nbsp;<\/p>\n<p>&nbsp;<\/p>\n<p>&nbsp;<\/p>\n<p>&nbsp;<\/p>\n<p>&nbsp;<\/p>\n<p><img loading=\"lazy\" class=\"size-medium wp-image-3596 alignleft\" src=\"http:\/\/leavicens.com\/lvicens\/wp-content\/uploads\/2018\/06\/8-300x200.jpg\" alt=\"\" width=\"300\" height=\"200\" \/><a href=\"http:\/\/leavicens.com\/lvicens\/wp-content\/uploads\/2018\/06\/3.jpg\"><img loading=\"lazy\" class=\"size-medium wp-image-3597 alignright\" src=\"http:\/\/leavicens.com\/lvicens\/wp-content\/uploads\/2018\/06\/3-300x200.jpg\" alt=\"\" width=\"300\" height=\"200\" \/><\/a><\/p>\n<p>&nbsp;<\/p>\n<p>&nbsp;<\/p>\n<p>&nbsp;<\/p>\n<p>&nbsp;<\/p>\n<p>&nbsp;<\/p>\n<p>&nbsp;<\/p>\n<p style=\"text-align: center;\"><strong>\u201cLea Vicens cort\u00f3 un trofeo del sexto por sus ganas y su actitud, bajo un diluvio\u201d<\/strong><\/p>\n<p style=\"text-align: justify;\">Los tres rejoneadores decidieron a las siete de la tarde echar toda la suerte por delante y salir al ruedo, a pesar de sus condiciones. Tres toreros que arriesgaron sus caballos y dejaron todo lo que estaba en su mano en el ruedo de Las Ventas. En el tercero de la tarde, la lluvia ca\u00eda con mucha fuerza, dejando el piso de plaza en condiciones impracticables para el toreo a caballo. Lejos de suspenderse, decidieron seguir toreando y \u00a1Ya ves si lo hicieron! Ante una buena corrida de Carmen Lorenzo y El Capea.<\/p>\n<p style=\"text-align: justify;\"><strong>Lea Vicens<\/strong>\u00a0cort\u00f3 una oreja al sexto, tras una faena llena de voluntad, intentando siempre agradar al p\u00fablico, cobijado de la lluvia. Destac\u00f3 de su actuaci\u00f3n la preparaci\u00f3n y la ejecuci\u00f3n de las suertes. La colocaci\u00f3n de las banderillas result\u00f3 dispar. El toro tuvo muchas virtudes como la nobleza, la clase, y algunas t\u00edpicas del encaste Murube, como el galope con mucho ritmo. Remat\u00f3 la faena con dos rosas y un rej\u00f3n de muerte. Con el tercer toro, el m\u00e1s serio en morfolog\u00eda y en comportamiento de la tarde, destac\u00f3 con <em>&#8216;B\u00e9tico&#8217;<\/em> en varios galopes a dos pistas llenos de expresi\u00f3n, con el toro cosido en el estribo. Quiso agradar a los tendidos. Dej\u00f3 medio rej\u00f3n de muerte en el tercer intento y salud\u00f3 una ovaci\u00f3n desde el tercio.<\/p>\n<p style=\"text-align: left;\"><strong><em>Mundotoro:\u00a0<\/em><\/strong><em>http:\/\/www.mundotoro.com\/wpcontent\/uploads\/Contenido\/la-lluvia-oxida-la-puerta-grande\/<\/em><\/p>\n<p><em>\u00a0<\/em><\/p>\n<p style=\"text-align: center;\"><em>\u00a0<\/em><strong>\u201cContra viento y Marea\u201d<\/strong><\/p>\n<p>Cuando sali\u00f3 el tercero comenz\u00f3 a llover con fuerza. \u00danico rej\u00f3n de castigo de\u00a0<strong>Lea Vicens\u00a0<\/strong>a lomos de Bach. Con B\u00e9tico a dos pistas dej\u00f3 los pasajes m\u00e1s interesantes. Pinch\u00f3 y salud\u00f3 ovaci\u00f3n. Ante el sexto realiz\u00f3 una faena entregada y conect\u00f3 con el p\u00fablico, sobre todo con Gacela. Tras rej\u00f3n cort\u00f3 una oreja.<\/p>\n<p><strong><em>Cultoro:<\/em><\/strong><em> http:\/\/www.cultoro.es\/festejos\/2018\/6\/2\/contra-viento-marea-30370.html<\/em><\/p>\n<p><em>\u00a0<\/em><\/p>\n<p style=\"text-align: center;\"><strong>\u00a0<\/strong><strong>\u201cLecci\u00f3n de figura bajo la lluvia\u201d<\/strong><\/p>\n<p style=\"text-align: justify;\">A punto estuvo de suspenderse el festejo de rejones por el chaparr\u00f3n que cay\u00f3 sobre Madrid antes del pase\u00edllo. Los operarios acondicionaron el ruedo y los rejoneadores decidieron echar hacia delante el festejo. Una oreja cort\u00f3 en el sexto <strong>Lea Vicens<\/strong> tras una voluntariosa actuaci\u00f3n con otro toro de buen son del hierro de &#8216;El Capea&#8217;. La francesa de forma inteligente trat\u00f3 de dibujar c\u00edrculos grandes con <em>\u2018Gacela\u2019<\/em> sobre encharcado ruedo de Las Ventas. El toro fue cogiendo ritmo y <strong>Lea<\/strong> clav\u00f3 con mayor acierto que en su turno anterior. De nuevo la parte de la doma destac\u00f3 sobre el toreo. Remat\u00f3 con tres rosas homenajeando a su maestro fallecido, \u00c1ngel Peralta. El rejonazo que fue trasero pero tuvo efecto. Oreja.<\/p>\n<p><strong><em>Aplausos:<\/em><\/strong><em>https:\/\/www.aplausos.es\/noticia\/44148\/noticias\/galan-roza-el-triunfo-hermoso-leccion-de-figura-en-las-ventas.html<\/em><\/p>\n<p><em>\u00a0<\/em><\/p>\n<p><strong><u>FICHA DEL FESTEJO<\/u><\/strong><\/p>\n<p>Plaza de toros de Las Ventas. 26\u00aa de la Feria de San Isidro.<\/p>\n<p>Corrida de rejones.<\/p>\n<p>Entrada: Lleno <strong>\u201c<\/strong>23.181 espectadores\u201d<\/p>\n<p>Toros de\u00a0Capea y Carmen Lorenzo, buenos en general.<\/p>\n<p>Pablo Hermoso de Mendoza; Silencio y oreja.<\/p>\n<p>Sergio Gal\u00e1n, Oreja y ovaci\u00f3n.<\/p>\n<p><strong>Lea Vicens; Ovaci\u00f3n y oreja.<\/strong><\/p>\n<p>Incidencias: Festejo condicionado por la fuerte lluvia y el mal piso de plaza.<\/p>\n<p><em><span style=\"text-decoration: underline;\">Fotos:<\/span> Plaza 1\u00a0<\/em><\/p>\n","protected":false},"excerpt":{"rendered":"<p>&nbsp;<\/p>\n<p><img loading=\"lazy\" class=\"size-medium wp-image-3591 alignleft\" src=\"http:\/\/leavicens.com\/lvicens\/wp-content\/uploads\/2018\/06\/1-300x200.jpg\" alt=\"\" width=\"300\" height=\"200\" \/><a href=\"http:\/\/leavicens.com\/lvicens\/wp-content\/uploads\/2018\/06\/6.jpg\"><img clas...\n<\/p>\n","protected":false},"author":4,"featured_media":3598,"comment_status":"open","ping_status":"open","sticky":true,"template":"","format":"standard","meta":[],"categories":[20,1],"tags":[],"_links":{"self":[{"href":"https:\/\/leavicens.com\/fr_FR\/wp-json\/wp\/v2\/posts\/3590"}],"collection":[{"href":"https:\/\/leavicens.com\/fr_FR\/wp-json\/wp\/v2\/posts"}],"about":[{"href":"https:\/\/leavicens.com\/fr_FR\/wp-json\/wp\/v2\/types\/post"}],"author":[{"embeddable":true,"href":"https:\/\/leavicens.com\/fr_FR\/wp-json\/wp\/v2\/users\/4"}],"replies":[{"embeddable":true,"href":"https:\/\/leavicens.com\/fr_FR\/wp-json\/wp\/v2\/comments?post=3590"}],"version-history":[{"count":4,"href":"https:\/\/leavicens.com\/fr_FR\/wp-json\/wp\/v2\/posts\/3590\/revisions"}],"predecessor-version":[{"id":3609,"href":"https:\/\/leavicens.com\/fr_FR\/wp-json\/wp\/v2\/posts\/3590\/revisions\/3609"}],"wp:featuredmedia":[{"embeddable":true,"href":"https:\/\/leavicens.com\/fr_FR\/wp-json\/wp\/v2\/media\/3598"}],"wp:attachment":[{"href":"https:\/\/leavicens.com\/fr_FR\/wp-json\/wp\/v2\/media?parent=3590"}],"wp:term":[{"taxonomy":"category","embeddable":true,"href":"https:\/\/leavicens.com\/fr_FR\/wp-json\/wp\/v2\/categories?post=3590"},{"taxonomy":"post_tag","embeddable":true,"href":"https:\/\/leavicens.com\/fr_FR\/wp-json\/wp\/v2\/tags?post=3590"}],"curies":[{"name":"wp","href":"https:\/\/api.w.org\/{rel}","templated":true}]}}