{"id":3632,"date":"2018-06-08T12:34:21","date_gmt":"2018-06-08T10:34:21","guid":{"rendered":"http:\/\/leavicens.com\/?p=3632"},"modified":"2018-06-08T18:40:20","modified_gmt":"2018-06-08T16:40:20","slug":"lea-vicens-invitada-de-honor-en-el-programa-grana-y-oro","status":"publish","type":"post","link":"https:\/\/leavicens.com\/fr_FR\/lea-vicens-invitada-de-honor-en-el-programa-grana-y-oro\/","title":{"rendered":"L\u00c9A VICENS, INVITADA DE HONOR EN EL PROGRAMA &#8216;GRANA Y ORO&#8217; DE RTVCYL"},"content":{"rendered":"<p style=\"text-align: center;\"><img loading=\"lazy\" class=\"size-medium wp-image-3633 aligncenter\" src=\"http:\/\/leavicens.com\/lvicens\/wp-content\/uploads\/2018\/06\/1-1-300x223.jpg\" alt=\"\" width=\"300\" height=\"223\" \/>L\u00e9a Vicens, junto al periodista Carlos Mart\u00edn Santoyo<\/p>\n<p>&nbsp;<\/p>\n<p style=\"text-align: center;\"><strong>\u00abL\u00e9a Vicens, invitada de honor del programa &#8216;Grana y Oro&#8217; de Castilla y Le\u00f3n\u00a0 TV\u00bb<\/strong><\/p>\n<p style=\"text-align: justify;\">La rejoneadora <strong>L\u00e9a Vicens<\/strong> es la principal protagonista de un nuevo espacio de <strong>Grana y Oro<\/strong> de Castilla y Le\u00f3n Televisi\u00f3n <em>(viernes 12:30 horas y s\u00e1bado a las 10:00 horas en CYL7\u00a0 y s\u00e1bado a las 15:00 horas y domingo a las 22:30 en La 8)<\/em> y Navarra Televisi\u00f3n <em>(s\u00e1bado a las 17:00 horas en su Canal 1 y a las 18:00 horas en su Canal 2 y domingo a las 13:00 horas y a las 19:00 horas en su Canal 2)<\/em> de este fin de semana, que cuenta como invitada con la rejoneadora francesa\u00a0<strong>Lea Vicens,\u00a0<\/strong>l\u00edder del escalaf\u00f3n 2017 con 41 pase\u00edllos, 67 orejas,dos rabos\u00a0y\u00a0un indulto en Istres que ha comenzado fuerte tambi\u00e9n este a\u00f1o con puertas grandes en Nimes, Osuna, Valencia, Castell\u00f3n o Granada. Asimismo ha cortado una oreja en Sevilla y otra el pasado domingo en Las Ventas.<\/p>\n<p><em><strong><span style=\"text-decoration: underline;\">Enlace del Programa:<\/span>\u00a0<\/strong><strong>http:\/\/www.rtvcyl.es\/granayoro\/d5af8e71c7f464d6cac8<\/strong><\/em><\/p>\n<p>&nbsp;<\/p>\n","protected":false},"excerpt":{"rendered":"<p style=\"text-align: center;\"><img loading=\"lazy\" class=\"size-medium wp-image-3633 aligncenter\" src=\"http:\/\/leavicens.com\/lvicens\/wp-content\/uploads\/2018\/06\/1-1-300x223.jpg\" alt=\"\" width=\"300\" height=\"223\" \/>L\u00e9a Vicens, junto al periodista Carlos Mart\u00edn Santoyo<\/p... \n\n","protected":false},"author":4,"featured_media":3634,"comment_status":"open","ping_status":"open","sticky":true,"template":"","format":"standard","meta":[],"categories":[20,1],"tags":[],"_links":{"self":[{"href":"https:\/\/leavicens.com\/fr_FR\/wp-json\/wp\/v2\/posts\/3632"}],"collection":[{"href":"https:\/\/leavicens.com\/fr_FR\/wp-json\/wp\/v2\/posts"}],"about":[{"href":"https:\/\/leavicens.com\/fr_FR\/wp-json\/wp\/v2\/types\/post"}],"author":[{"embeddable":true,"href":"https:\/\/leavicens.com\/fr_FR\/wp-json\/wp\/v2\/users\/4"}],"replies":[{"embeddable":true,"href":"https:\/\/leavicens.com\/fr_FR\/wp-json\/wp\/v2\/comments?post=3632"}],"version-history":[{"count":7,"href":"https:\/\/leavicens.com\/fr_FR\/wp-json\/wp\/v2\/posts\/3632\/revisions"}],"predecessor-version":[{"id":3641,"href":"https:\/\/leavicens.com\/fr_FR\/wp-json\/wp\/v2\/posts\/3632\/revisions\/3641"}],"wp:featuredmedia":[{"embeddable":true,"href":"https:\/\/leavicens.com\/fr_FR\/wp-json\/wp\/v2\/media\/3634"}],"wp:attachment":[{"href":"https:\/\/leavicens.com\/fr_FR\/wp-json\/wp\/v2\/media?parent=3632"}],"wp:term":[{"taxonomy":"category","embeddable":true,"href":"https:\/\/leavicens.com\/fr_FR\/wp-json\/wp\/v2\/categories?post=3632"},{"taxonomy":"post_tag","embeddable":true,"href":"https:\/\/leavicens.com\/fr_FR\/wp-json\/wp\/v2\/tags?post=3632"}],"curies":[{"name":"wp","href":"https:\/\/api.w.org\/{rel}","templated":true}]}}