{"id":3645,"date":"2018-06-12T21:16:43","date_gmt":"2018-06-12T19:16:43","guid":{"rendered":"http:\/\/leavicens.com\/?p=3645"},"modified":"2018-06-17T13:41:00","modified_gmt":"2018-06-17T11:41:00","slug":"lea-vicens-presente-en-la-feria-del-angel-de-teruel","status":"publish","type":"post","link":"https:\/\/leavicens.com\/fr_FR\/lea-vicens-presente-en-la-feria-del-angel-de-teruel\/","title":{"rendered":"L\u00c9A VICENS, ACTUAR\u00c1 EN LA &#8216;FERIA DEL \u00c1NGEL&#8217; DE TERUEL"},"content":{"rendered":"<p>&nbsp;<\/p>\n<p>&nbsp;<\/p>\n<ul>\n<li><strong><em>Domingo, 1 de julio:<\/em><\/strong><em> <strong>Toros de Passanha para Rui Fernandes, Leonardo Hern\u00e1ndez y Lea Vicens.<\/strong><\/em><\/li>\n<\/ul>\n<p style=\"text-align: justify;\">La nueva empresa de <strong>Teruel<\/strong>, <em><strong>-Toroter-<\/strong><\/em> comandada por la <strong>familia Gracia Noguera<\/strong>, ha presentado las combinaciones de la <strong>Feria del \u00c1ngel<\/strong> en la tarde de este martes, 12 de junio.\u00a0El acto de <strong>presentaci\u00f3n del serial<\/strong> ha tenido lugar a partir de las 20:00 horas, en el <strong>Sal\u00f3n de Plenos del Consistorio<\/strong> turolense.<\/p>\n<p style=\"text-align: justify;\"><strong>Dos corridas de toros, una de rejones<\/strong>, desencajonamiento de las corridas, festejo de recortes, vaquillas y festejos populares estar\u00e1n presentes en la <strong>Feria del \u00c1ngel<\/strong>, que ser\u00e1 organizada por la familia Gracia Noguera, que en su nueva andadura empresarial\u00a0apuesta por la afici\u00f3n de su tierra. El serial cuenta con una amplia programaci\u00f3n para el fomento del toreo entre los ni\u00f1os.<\/p>\n<p style=\"text-align: justify;\">Las combinaciones son las siguientes:<\/p>\n<p style=\"text-align: justify;\"><strong>Domingo, 1 de julio:<\/strong> Toros de Passanha para Rui Fernandes, Leonardo Hern\u00e1ndez y <strong>Lea Vicens.<\/strong><\/p>\n<p style=\"text-align: justify;\">3 de julio. Desencajonada y espect\u00e1culo de recortadores con anillas con reses de Jos\u00e9 Arriazu e hijos.<\/p>\n<p style=\"text-align: justify;\">5 de julio. Concurso de recorte libre con reses de Revesado Pernas.<\/p>\n<p style=\"text-align: justify;\">6 de julio. Toros de Torrealba para El Fandi, Sebasti\u00e1n Castella y \u00c1lvaro Lorenzo.<\/p>\n<p style=\"text-align: justify;\">7 de julio. Toros de Los Bayones para Manuel Escribano, Javier Cort\u00e9s y Sergio Cerezos.<\/p>\n<p style=\"text-align: justify;\">8 de julio. Toro embolado y suelta de vaquillas con reses de Jos\u00e9 Arriazu, adem\u00e1s de tradicional merienda. Festejo y entrada gratuita.<\/p>\n<p style=\"text-align: justify;\">9 de julio. Toro embolado y suelta de vaquillas con reses de Germ\u00e1n Vidal.<\/p>\n<p style=\"text-align: justify;\">El nuevo empresario\u00a0ha estado acompa\u00f1ado por la alcaldesa, Emma Buj, el concejal de la plaza, Jes\u00fas Fuertes, y el concejal de fiestas, Javier Domingo.<\/p>\n<p><img loading=\"lazy\" class=\"size-medium wp-image-3647 aligncenter\" src=\"http:\/\/leavicens.com\/lvicens\/wp-content\/uploads\/2018\/06\/Teruel-113x300.jpg\" alt=\"\" width=\"113\" height=\"300\" \/><\/p>\n","protected":false},"excerpt":{"rendered":"<p>&nbsp;<\/p>\n<p>&nbsp;<\/p>\n<ul>\n<li><strong><em>Domingo, 1 de julio:<\/em><\/strong><em> <strong>Toros de Passanha para Rui Fernandes, Leonardo Hern\u00e1ndez y Lea Vicens.<\/strong><\/em><\/li>\n<\/ul>\n<p style=\"text-align: justify;\">La nueva empresa de <strong>Ter&#8230;<\/p>\n","protected":false},"author":4,"featured_media":3648,"comment_status":"open","ping_status":"open","sticky":true,"template":"","format":"standard","meta":[],"categories":[20,1],"tags":[],"_links":{"self":[{"href":"https:\/\/leavicens.com\/fr_FR\/wp-json\/wp\/v2\/posts\/3645"}],"collection":[{"href":"https:\/\/leavicens.com\/fr_FR\/wp-json\/wp\/v2\/posts"}],"about":[{"href":"https:\/\/leavicens.com\/fr_FR\/wp-json\/wp\/v2\/types\/post"}],"author":[{"embeddable":true,"href":"https:\/\/leavicens.com\/fr_FR\/wp-json\/wp\/v2\/users\/4"}],"replies":[{"embeddable":true,"href":"https:\/\/leavicens.com\/fr_FR\/wp-json\/wp\/v2\/comments?post=3645"}],"version-history":[{"count":2,"href":"https:\/\/leavicens.com\/fr_FR\/wp-json\/wp\/v2\/posts\/3645\/revisions"}],"predecessor-version":[{"id":3673,"href":"https:\/\/leavicens.com\/fr_FR\/wp-json\/wp\/v2\/posts\/3645\/revisions\/3673"}],"wp:featuredmedia":[{"embeddable":true,"href":"https:\/\/leavicens.com\/fr_FR\/wp-json\/wp\/v2\/media\/3648"}],"wp:attachment":[{"href":"https:\/\/leavicens.com\/fr_FR\/wp-json\/wp\/v2\/media?parent=3645"}],"wp:term":[{"taxonomy":"category","embeddable":true,"href":"https:\/\/leavicens.com\/fr_FR\/wp-json\/wp\/v2\/categories?post=3645"},{"taxonomy":"post_tag","embeddable":true,"href":"https:\/\/leavicens.com\/fr_FR\/wp-json\/wp\/v2\/tags?post=3645"}],"curies":[{"name":"wp","href":"https:\/\/api.w.org\/{rel}","templated":true}]}}