{"id":3667,"date":"2018-06-15T20:39:03","date_gmt":"2018-06-15T18:39:03","guid":{"rendered":"http:\/\/leavicens.com\/?p=3667"},"modified":"2018-06-17T13:50:31","modified_gmt":"2018-06-17T11:50:31","slug":"lea-vicens-anunciada-en-las-corridas-generales-de-bilbao","status":"publish","type":"post","link":"https:\/\/leavicens.com\/fr_FR\/lea-vicens-anunciada-en-las-corridas-generales-de-bilbao\/","title":{"rendered":"L\u00c9A VICENS, ANUNCIADA EN LAS &#8216;CORRIDAS GENERALES&#8217; DE BILBAO"},"content":{"rendered":"<p><img loading=\"lazy\" class=\"size-medium wp-image-3668 aligncenter\" src=\"http:\/\/leavicens.com\/lvicens\/wp-content\/uploads\/2018\/06\/f750x400-130419_173294_0-300x160.jpg\" alt=\"\" width=\"300\" height=\"160\" \/><\/p>\n<p style=\"text-align: center;\"><em>Acto de presentaci\u00f3n de las Corridas Generales de Bilbao 2018<\/em><\/p>\n<ul>\n<li><em><strong><span style=\"text-decoration: underline;\">S\u00e1bado 18 de agosto:<\/span>\u00a0Pablo Hermoso de Mendoza, Lea Vicens y Guillermo Hermoso de Mendoza<\/strong>\u00a0<strong>(Gdra: \u00c1ngel S\u00e1nchez y S\u00e1nchez)<\/strong><\/em><\/li>\n<\/ul>\n<p style=\"text-align: justify;\"><strong>La Junta Administrativa<\/strong> de la <strong>Plaza de Toros de Vista Alegre<\/strong> ha presentado los carteles de las \u2018<strong>Corridas Generales<\/strong> <strong>de Bilbao 2018\u2019,<\/strong> que tendr\u00e1n lugar entre el 18 y el 26 de agosto. Los empresarios\u00a0<strong>Pablo Mart\u00ednez Labian<\/strong>o y su hijo<strong>\u00a0Manuel Mart\u00ednez Azc\u00e1rate<\/strong>, y<strong>\u00a0Javier Aresti,<\/strong>\u00a0presidente de la Comisi\u00f3n Taurina de la Junta Administrativa de la plaza de toros de Bilbao estuvieron presentes en la Sala Vista Alegre.<\/p>\n<p style=\"text-align: justify;\">Las combinaciones son estas:<\/p>\n<p style=\"text-align: justify;\"><em><strong>S\u00e1bado 18 de agosto:\u00a0<\/strong>Pablo Hermoso de Mendoza,<strong> Lea Vicens <\/strong>y Guillermo Hermoso de Mendoza\u00a0(Gdra: \u00c1ngel S\u00e1nchez y S\u00e1nchez)<\/em><\/p>\n<p style=\"text-align: justify;\">Domingo 19:\u00a0Manuel Escribano, Fortes y \u00c1lvaro Lorenzo\u00a0(Victorino Mart\u00edn)<\/p>\n<p style=\"text-align: justify;\">Lunes 20: Rom\u00e1n, Gonzalo Caballero y Luis David\u00a0(Torrestrella)<\/p>\n<p style=\"text-align: justify;\">Martes 21: Enrique Ponce, Jos\u00e9 Mar\u00eda Manzanares y Roca Rey\u00a0(N\u00fa\u00f1ez del Cuvillo)<\/p>\n<p style=\"text-align: justify;\">Mi\u00e9rcoles 22:\u00a0Juan Jos\u00e9 Padilla, El Juli y Jos\u00e9 Mar\u00eda Manzanares (Garcigrande-Domingo Hdez)<\/p>\n<p style=\"text-align: justify;\">Jueves 23:\u00a0Antonio Ferrera, Miguel \u00c1ngel Perera y Gin\u00e9s Mar\u00edn\u00a0(El Parralejo)<\/p>\n<p style=\"text-align: justify;\">Viernes 24:\u00a0Sebasti\u00e1n Castella, Cayetano y Roca Rey\u00a0(Victoriano del R\u00edo)<\/p>\n<p style=\"text-align: justify;\">S\u00e1bado 25:\u00a0Enrique Ponce, El Juli y Diego Urdiales\u00a0(Alcurruc\u00e9n)<\/p>\n<p style=\"text-align: justify;\">Domingo 26: Octavio Chac\u00f3n, Pepe Moral y Juan Leal\u00a0(Miura)<\/p>\n<p><img loading=\"lazy\" class=\"size-medium wp-image-3675 aligncenter\" src=\"http:\/\/leavicens.com\/lvicens\/wp-content\/uploads\/2018\/06\/Bilbao-2018-200x300.jpg\" alt=\"\" width=\"200\" height=\"300\" \/><\/p>\n<p>&nbsp;<\/p>\n","protected":false},"excerpt":{"rendered":"<p><img loading=\"lazy\" class=\"size-medium wp-image-3668 aligncenter\" src=\"http:\/\/leavicens.com\/lvicens\/wp-content\/uploads\/2018\/06\/f750x400-130419_173294_0-300x160.jpg\" alt=\"\" width=\"300\" height=\"160\" \/><\/p>\n<p style=\"text-align: center;\"><em>Acto de presentaci\u00f3n de las C&#8230;<\/p>\n","protected":false},"author":4,"featured_media":3670,"comment_status":"open","ping_status":"open","sticky":true,"template":"","format":"standard","meta":[],"categories":[20,1],"tags":[],"_links":{"self":[{"href":"https:\/\/leavicens.com\/fr_FR\/wp-json\/wp\/v2\/posts\/3667"}],"collection":[{"href":"https:\/\/leavicens.com\/fr_FR\/wp-json\/wp\/v2\/posts"}],"about":[{"href":"https:\/\/leavicens.com\/fr_FR\/wp-json\/wp\/v2\/types\/post"}],"author":[{"embeddable":true,"href":"https:\/\/leavicens.com\/fr_FR\/wp-json\/wp\/v2\/users\/4"}],"replies":[{"embeddable":true,"href":"https:\/\/leavicens.com\/fr_FR\/wp-json\/wp\/v2\/comments?post=3667"}],"version-history":[{"count":3,"href":"https:\/\/leavicens.com\/fr_FR\/wp-json\/wp\/v2\/posts\/3667\/revisions"}],"predecessor-version":[{"id":3676,"href":"https:\/\/leavicens.com\/fr_FR\/wp-json\/wp\/v2\/posts\/3667\/revisions\/3676"}],"wp:featuredmedia":[{"embeddable":true,"href":"https:\/\/leavicens.com\/fr_FR\/wp-json\/wp\/v2\/media\/3670"}],"wp:attachment":[{"href":"https:\/\/leavicens.com\/fr_FR\/wp-json\/wp\/v2\/media?parent=3667"}],"wp:term":[{"taxonomy":"category","embeddable":true,"href":"https:\/\/leavicens.com\/fr_FR\/wp-json\/wp\/v2\/categories?post=3667"},{"taxonomy":"post_tag","embeddable":true,"href":"https:\/\/leavicens.com\/fr_FR\/wp-json\/wp\/v2\/tags?post=3667"}],"curies":[{"name":"wp","href":"https:\/\/api.w.org\/{rel}","templated":true}]}}