{"id":3761,"date":"2018-06-29T13:50:13","date_gmt":"2018-06-29T11:50:13","guid":{"rendered":"http:\/\/leavicens.com\/?p=3761"},"modified":"2018-06-29T13:50:35","modified_gmt":"2018-06-29T11:50:35","slug":"lea-vicens-en-un-festejo-mixto-en-la-hexagonal-de-almaden-ciudad-real","status":"publish","type":"post","link":"https:\/\/leavicens.com\/fr_FR\/lea-vicens-en-un-festejo-mixto-en-la-hexagonal-de-almaden-ciudad-real\/","title":{"rendered":"L\u00c9A VICENS, EN UN &#8216;FESTEJO MIXTO&#8217; EN LA HEXAGONAL DE ALMAD\u00c9N (CIUDAD REAL)"},"content":{"rendered":"<p style=\"text-align: center;\"><a href=\"http:\/\/leavicens.com\/lvicens\/wp-content\/uploads\/2018\/06\/Presentaci\u00f3n-Almad\u00e9n-1.jpg\"><img loading=\"lazy\" class=\"alignnone size-medium wp-image-3763\" src=\"http:\/\/leavicens.com\/lvicens\/wp-content\/uploads\/2018\/06\/Presentaci\u00f3n-Almad\u00e9n-1-300x225.jpg\" alt=\"\" width=\"300\" height=\"225\" \/><\/a><\/p>\n<p style=\"text-align: center;\"><em>Acto de presentaci\u00f3n de la Feria de Almad\u00e9n\u00a0<\/em><\/p>\n<p>&nbsp;<\/p>\n<p style=\"text-align: justify;\"><strong>L\u00e9a Vicens<\/strong> junto con los diestros <strong>Sebasti\u00e1n Castella<\/strong> y <strong>David Mora<\/strong> ser\u00e1n los protagonistas de los festejos taurinos que se celebrar\u00e1n en una de las plazas m\u00e1s hist\u00f3ricas de <strong>Ciudad Real,<\/strong> la hexagonal de <strong>Almad\u00e9n, <\/strong>con motivo de su <strong>Feria 2018<\/strong> en un <strong>\u2018Festejo Mixto\u2019, <\/strong>el pr\u00f3ximo s\u00e1bado 28 de julio.<\/p>\n<p style=\"text-align: justify;\">La mesa de presentaci\u00f3n estuvo presidida por el alcalde de <strong>Almad\u00e9n Siro Ramiro<\/strong>, la concejala de festejos, empresario <strong>Eloy Lillo<\/strong>, matador <strong>David Mora<\/strong>, el recortador <strong>Emmanuel<\/strong> y la persona responsable de dirigir el acto <strong>Rafael Villar<\/strong><\/p>\n<p style=\"text-align: justify;\">Previo al acto de presentaci\u00f3n, la banda de municipal de m\u00fasica interpret\u00f3 un buen n\u00famero de pasodobles lo cual sirvi\u00f3 de antesala al acto.<\/p>\n<ul>\n<li style=\"text-align: justify;\"><em><strong>S\u00e1bado 28 de julio: (19:00 horas) &#8216;Festejo Mixto&#8217;\u00a0 con toros de Luis Terr\u00f3n y Manuel Bl\u00e1zquez, para L\u00e9a Vicens, Sebasti\u00e1n Castella y David Mora.\u00a0<\/strong><\/em><\/li>\n<\/ul>\n<p><img loading=\"lazy\" class=\"size-medium wp-image-3762 aligncenter\" src=\"http:\/\/leavicens.com\/lvicens\/wp-content\/uploads\/2018\/06\/Cartel-de-Almad\u00e9n-193x300.jpg\" alt=\"\" width=\"193\" height=\"300\" \/><\/p>\n","protected":false},"excerpt":{"rendered":"<p style=\"text-align: center;\"><a href=\"http:\/\/leavicens.com\/lvicens\/wp-content\/uploads\/2018\/06\/Presentaci\u00f3n-Almad\u00e9n-1.jpg\"><img class=\"alignnone size-medium wp-image-3763\" src=\"http:\/\/leavicens.com\/lvicens\/wp-content\/uploads\/2018\/06\/Presentaci\u00f3n-Alm...\n<\/p>\n","protected":false},"author":4,"featured_media":3764,"comment_status":"open","ping_status":"open","sticky":true,"template":"","format":"standard","meta":[],"categories":[20,1],"tags":[],"_links":{"self":[{"href":"https:\/\/leavicens.com\/fr_FR\/wp-json\/wp\/v2\/posts\/3761"}],"collection":[{"href":"https:\/\/leavicens.com\/fr_FR\/wp-json\/wp\/v2\/posts"}],"about":[{"href":"https:\/\/leavicens.com\/fr_FR\/wp-json\/wp\/v2\/types\/post"}],"author":[{"embeddable":true,"href":"https:\/\/leavicens.com\/fr_FR\/wp-json\/wp\/v2\/users\/4"}],"replies":[{"embeddable":true,"href":"https:\/\/leavicens.com\/fr_FR\/wp-json\/wp\/v2\/comments?post=3761"}],"version-history":[{"count":2,"href":"https:\/\/leavicens.com\/fr_FR\/wp-json\/wp\/v2\/posts\/3761\/revisions"}],"predecessor-version":[{"id":3766,"href":"https:\/\/leavicens.com\/fr_FR\/wp-json\/wp\/v2\/posts\/3761\/revisions\/3766"}],"wp:featuredmedia":[{"embeddable":true,"href":"https:\/\/leavicens.com\/fr_FR\/wp-json\/wp\/v2\/media\/3764"}],"wp:attachment":[{"href":"https:\/\/leavicens.com\/fr_FR\/wp-json\/wp\/v2\/media?parent=3761"}],"wp:term":[{"taxonomy":"category","embeddable":true,"href":"https:\/\/leavicens.com\/fr_FR\/wp-json\/wp\/v2\/categories?post=3761"},{"taxonomy":"post_tag","embeddable":true,"href":"https:\/\/leavicens.com\/fr_FR\/wp-json\/wp\/v2\/tags?post=3761"}],"curies":[{"name":"wp","href":"https:\/\/api.w.org\/{rel}","templated":true}]}}