{"id":3798,"date":"2018-07-09T15:00:40","date_gmt":"2018-07-09T13:00:40","guid":{"rendered":"http:\/\/leavicens.com\/?p=3798"},"modified":"2018-07-15T05:16:12","modified_gmt":"2018-07-15T03:16:12","slug":"3798-2","status":"publish","type":"post","link":"https:\/\/leavicens.com\/fr_FR\/3798-2\/","title":{"rendered":"L\u00c9A VICENS, ANUNCIADA EN LA &#8216;FERIA DE SAN ANTOL\u00cdN&#8217; DE PALENCIA"},"content":{"rendered":"<p><img loading=\"lazy\" class=\"size-medium wp-image-3801 aligncenter\" src=\"http:\/\/leavicens.com\/lvicens\/wp-content\/uploads\/2018\/07\/Presentaci\u00f3n-Palencia-1-300x202.jpg\" alt=\"\" width=\"300\" height=\"202\" \/><\/p>\n<p style=\"text-align: center;\"><em>Acto de Presentaci\u00f3n de la Feria\u00a0<\/em><\/p>\n<p>&nbsp;<\/p>\n<p style=\"text-align: justify;\"><strong>Manuel Mart\u00ednez,<\/strong>\u00a0empresario del <strong>Coso de Campos G\u00f3ticos<\/strong>, ha presentado los carteles de la pr\u00f3xima <strong>Feria Taurina de San Antol\u00edn de\u00a0Palencia,<\/strong>\u00a0que contar\u00e1 con la presencia de\u00a0Morante, El Juli, Roca Rey, Ponce, Perera, Gin\u00e9s Mar\u00edn Luis David y<strong> L\u00e9a Vicens.<\/strong>\u00a0Figuras y j\u00f3venes en un gran ciclo.<\/p>\n<ul style=\"text-align: justify;\">\n<li><span style=\"text-decoration: underline;\"><strong><em>Domingo 2 de septiembre:<\/em><\/strong><\/span><strong><em>\u00a0<\/em><\/strong><strong><em>(El Capea, Carmen Lorenzo y San Pelayo)\u00a0<\/em><em>Pablo Hermoso de Mendoza, L\u00e9a Vicens y Guillermo Hermoso de Mendoza<\/em><\/strong><\/li>\n<\/ul>\n<p>&nbsp;<\/p>\n<p style=\"text-align: justify;\">El acto de presentaci\u00f3n ha tenido lugar en el Sal\u00f3n de Actos de la Excma. Diputaci\u00f3n de\u00a0<strong>Palencia,<\/strong>\u00a0en presencia de la Presidenta,\u00a0<strong>\u00c1ngeles Armis\u00e9n,<\/strong>\u00a0de la Diputada de Cultura,<strong>\u00a0Carmen Fern\u00e1ndez,<\/strong>\u00a0as\u00ed como de numerosos aficionados y miembros de distintas Pe\u00f1as y entidades taurinas locales.<\/p>\n<p style=\"text-align: justify;\"><em>\u201cLa empresa ha destacado que por segundo a\u00f1o consecutivo se ha aplicado en entradas y abonos taurinos la bajada del IVA cultural y no se han visto afectados por la subida del IPC\u201d. <\/em><\/p>\n<p style=\"text-align: justify;\"><strong><u>Los carteles son \u00e9stos:<\/u><\/strong><\/p>\n<p style=\"text-align: justify;\">Domingo, 26 de agosto: Campeonato Nacional de Recorte Libre con Toros \u2018Toropasi\u00f3n\u2019.<\/p>\n<p style=\"text-align: justify;\">Lunes 27 y martes 28: Novilladas sin caballos en clase pr\u00e1ctica con erales de Concepci\u00f3n Quijano para alumnos de escuelas taurinas.<\/p>\n<p style=\"text-align: justify;\">Mi\u00e9rcoles 29 de agosto: Gran Prix con la actuaci\u00f3n de las Pe\u00f1as de Palencia.<\/p>\n<p style=\"text-align: justify;\">Jueves 30 de agosto:\u00a0Morante de la Puebla, El Juli y Roca Rey (Zalduendo)<\/p>\n<p style=\"text-align: justify;\">Viernes 31 de agosto:\u00a0Juan Jos\u00e9 Padilla, Antonio Ferrera y Luis David\u00a0(Ba\u00f1uelos)<\/p>\n<p style=\"text-align: justify;\">S\u00e1bado, 1 de septiembre:\u00a0Enrique Ponce, Miguel \u00c1ngel Perera y Gin\u00e9s Mar\u00edn<strong>\u00a0<\/strong>(Montalvo)<\/p>\n<p style=\"text-align: justify;\"><strong>Domingo 2 de septiembre:<\/strong>\u00a0Pablo Hermoso de Mendoza,<strong> L\u00e9a Vicens<\/strong> y Guillermo Hermoso de Mendoza\u00a0(El Capea, Carmen Lorenzo y San Pelayo)<\/p>\n<p style=\"text-align: justify;\"><img loading=\"lazy\" class=\"size-medium wp-image-3800 aligncenter\" src=\"http:\/\/leavicens.com\/lvicens\/wp-content\/uploads\/2018\/07\/Cartel-Palencia-175x300.jpg\" alt=\"\" width=\"175\" height=\"300\" \/><\/p>\n","protected":false},"excerpt":{"rendered":"<p><img loading=\"lazy\" class=\"size-medium wp-image-3801 aligncenter\" src=\"http:\/\/leavicens.com\/lvicens\/wp-content\/uploads\/2018\/07\/Presentaci\u00f3n-Palencia-1-300x202.jpg\" alt=\"\" width=\"300\" height=\"202\" \/><\/p>\n<p style=\"text-align: center;\"><em>Acto de Presentaci\u00f3n de la Fer&#8230;<\/p>\n","protected":false},"author":4,"featured_media":3801,"comment_status":"open","ping_status":"open","sticky":true,"template":"","format":"standard","meta":[],"categories":[20,1],"tags":[],"_links":{"self":[{"href":"https:\/\/leavicens.com\/fr_FR\/wp-json\/wp\/v2\/posts\/3798"}],"collection":[{"href":"https:\/\/leavicens.com\/fr_FR\/wp-json\/wp\/v2\/posts"}],"about":[{"href":"https:\/\/leavicens.com\/fr_FR\/wp-json\/wp\/v2\/types\/post"}],"author":[{"embeddable":true,"href":"https:\/\/leavicens.com\/fr_FR\/wp-json\/wp\/v2\/users\/4"}],"replies":[{"embeddable":true,"href":"https:\/\/leavicens.com\/fr_FR\/wp-json\/wp\/v2\/comments?post=3798"}],"version-history":[{"count":4,"href":"https:\/\/leavicens.com\/fr_FR\/wp-json\/wp\/v2\/posts\/3798\/revisions"}],"predecessor-version":[{"id":3821,"href":"https:\/\/leavicens.com\/fr_FR\/wp-json\/wp\/v2\/posts\/3798\/revisions\/3821"}],"wp:featuredmedia":[{"embeddable":true,"href":"https:\/\/leavicens.com\/fr_FR\/wp-json\/wp\/v2\/media\/3801"}],"wp:attachment":[{"href":"https:\/\/leavicens.com\/fr_FR\/wp-json\/wp\/v2\/media?parent=3798"}],"wp:term":[{"taxonomy":"category","embeddable":true,"href":"https:\/\/leavicens.com\/fr_FR\/wp-json\/wp\/v2\/categories?post=3798"},{"taxonomy":"post_tag","embeddable":true,"href":"https:\/\/leavicens.com\/fr_FR\/wp-json\/wp\/v2\/tags?post=3798"}],"curies":[{"name":"wp","href":"https:\/\/api.w.org\/{rel}","templated":true}]}}