{"id":3815,"date":"2018-07-09T02:11:45","date_gmt":"2018-07-09T00:11:45","guid":{"rendered":"http:\/\/leavicens.com\/?p=3815"},"modified":"2018-07-15T05:15:38","modified_gmt":"2018-07-15T03:15:38","slug":"lea-vicens-presente-en-la-feria-de-la-virgen-del-prado-de-ciudad-real","status":"publish","type":"post","link":"https:\/\/leavicens.com\/fr_FR\/lea-vicens-presente-en-la-feria-de-la-virgen-del-prado-de-ciudad-real\/","title":{"rendered":"L\u00c9A VICENS, PRESENTE EN LA &#8216;FERIA DE LA VIRGEN DEL PRADO&#8217; DE CIUDAD REAL"},"content":{"rendered":"<p style=\"text-align: center;\"><img loading=\"lazy\" class=\"size-medium wp-image-3816 aligncenter\" src=\"http:\/\/leavicens.com\/lvicens\/wp-content\/uploads\/2018\/07\/Ciudad-Real-300x170.jpg\" alt=\"\" width=\"300\" height=\"170\" \/><em>Acto de presentaci\u00f3n de la Feria Taurina de Ciudad Real<\/em><\/p>\n<p>&nbsp;<\/p>\n<p style=\"text-align: justify;\">La empresa<strong> Toros Ciudad Real S.L.<\/strong>\u00a0ha dado conocer, en el\u00a0<strong>Museo Villase\u00f1or<\/strong>\u00a0de la ciudad, las combinaciones de la pr\u00f3xima &#8216;<strong>Feria Taurina Virgen del Prado&#8217;<\/strong>\u00a0de\u00a0<strong>Ciudad Real<\/strong>. La feria est\u00e1 formada por dos corridas de toros y una de rejones, que se desarrollar\u00e1n entre el17 y 19 de agosto.<\/p>\n<p style=\"text-align: justify;\">La gran sorpresa, ser\u00e1 la reaparici\u00f3n por un d\u00eda de\u00a0An\u00edbal Ruiz,\u00a0para celebrar sus 20 a\u00f1os de alternativa.\u00a0Morante de la Puebla,\u00a0Jos\u00e9 Mar\u00eda Manzanares, Diego Ventura y <strong>L\u00e9a Vicens,<\/strong> ser\u00e1n las grandes figuras de la Feria.<\/p>\n<p style=\"text-align: justify;\">Las combinaciones son las siguientes:<\/p>\n<ul style=\"text-align: justify;\">\n<li><strong><em><u>Viernes 17 de agosto:\u00a0<\/u><\/em><\/strong><strong><em>Toros de Lora Sangr\u00e1n, para Diego Ventura, Lea Vicens y \u00d3scar Mota<\/em><\/strong><em>, (que tomar\u00e1 la alternativa).<\/em><\/li>\n<\/ul>\n<p style=\"text-align: justify;\"><em>S\u00e1bado 18 de agosto:<\/em><em>\u00a0<\/em>Daniel Luque, Emilio Huertas y \u00c1lvaro Lorenzo (Gdra: Jose Luis Pereda).<\/p>\n<p style=\"text-align: justify;\"><em>Domingo 19 de agosto:<\/em><em>\u00a0<\/em>Morante de la Puebla<em>,\u00a0<\/em>An\u00edbal Ruiz<em>,\u00a0y\u00a0<\/em>Jos\u00e9 Mar\u00eda Manzanares\u00a0(Gdra: Torrehandilla \u2013 Torreherberos).<\/p>\n<p><img loading=\"lazy\" class=\"size-medium wp-image-3817 aligncenter\" src=\"http:\/\/leavicens.com\/lvicens\/wp-content\/uploads\/2018\/07\/cartel-feriaCR-2018-171x300.png\" alt=\"\" width=\"171\" height=\"300\" \/><\/p>\n","protected":false},"excerpt":{"rendered":"<p style=\"text-align: center;\"><img loading=\"lazy\" class=\"size-medium wp-image-3816 aligncenter\" src=\"http:\/\/leavicens.com\/lvicens\/wp-content\/uploads\/2018\/07\/Ciudad-Real-300x170.jpg\" alt=\"\" width=\"300\" height=\"170\" \/><em>Acto de presentaci\u00f3n de la Feria Taurina de &#8230;<\/p>\n","protected":false},"author":4,"featured_media":3818,"comment_status":"open","ping_status":"open","sticky":true,"template":"","format":"standard","meta":[],"categories":[20,1],"tags":[],"_links":{"self":[{"href":"https:\/\/leavicens.com\/fr_FR\/wp-json\/wp\/v2\/posts\/3815"}],"collection":[{"href":"https:\/\/leavicens.com\/fr_FR\/wp-json\/wp\/v2\/posts"}],"about":[{"href":"https:\/\/leavicens.com\/fr_FR\/wp-json\/wp\/v2\/types\/post"}],"author":[{"embeddable":true,"href":"https:\/\/leavicens.com\/fr_FR\/wp-json\/wp\/v2\/users\/4"}],"replies":[{"embeddable":true,"href":"https:\/\/leavicens.com\/fr_FR\/wp-json\/wp\/v2\/comments?post=3815"}],"version-history":[{"count":3,"href":"https:\/\/leavicens.com\/fr_FR\/wp-json\/wp\/v2\/posts\/3815\/revisions"}],"predecessor-version":[{"id":3822,"href":"https:\/\/leavicens.com\/fr_FR\/wp-json\/wp\/v2\/posts\/3815\/revisions\/3822"}],"wp:featuredmedia":[{"embeddable":true,"href":"https:\/\/leavicens.com\/fr_FR\/wp-json\/wp\/v2\/media\/3818"}],"wp:attachment":[{"href":"https:\/\/leavicens.com\/fr_FR\/wp-json\/wp\/v2\/media?parent=3815"}],"wp:term":[{"taxonomy":"category","embeddable":true,"href":"https:\/\/leavicens.com\/fr_FR\/wp-json\/wp\/v2\/categories?post=3815"},{"taxonomy":"post_tag","embeddable":true,"href":"https:\/\/leavicens.com\/fr_FR\/wp-json\/wp\/v2\/tags?post=3815"}],"curies":[{"name":"wp","href":"https:\/\/api.w.org\/{rel}","templated":true}]}}