{"id":3833,"date":"2018-07-08T23:01:33","date_gmt":"2018-07-08T21:01:33","guid":{"rendered":"http:\/\/leavicens.com\/?p=3833"},"modified":"2018-07-13T12:16:27","modified_gmt":"2018-07-13T10:16:27","slug":"lea-vicens-en-una-gran-mixta-en-berja-almeria","status":"publish","type":"post","link":"https:\/\/leavicens.com\/fr_FR\/lea-vicens-en-una-gran-mixta-en-berja-almeria\/","title":{"rendered":"L\u00c9A VICENS, EN UNA &#8216;GRAN MIXTA&#8217; EN BERJA &#8211; ALMER\u00cdA"},"content":{"rendered":"<p><img loading=\"lazy\" class=\"size-medium wp-image-3837 aligncenter\" src=\"http:\/\/leavicens.com\/lvicens\/wp-content\/uploads\/2018\/07\/Presentaci\u00f3n-Berja-300x202.jpg\" alt=\"\" width=\"300\" height=\"202\" \/><\/p>\n<p style=\"text-align: center;\"><em>Acto de presentaci\u00f3n de la &#8216;Corrida Mixta&#8217;<\/em><\/p>\n<p>&nbsp;<\/p>\n<p style=\"text-align: justify;\">El pasado jueves tuvo lugar la presentaci\u00f3n del cartel en una abarrotada <strong>Sala de Exposiciones<\/strong> de la localidad virgitana. El acto estuvo presidido por el <strong>Alcalde de Berja, Antonio Torres<\/strong>, y por el <strong>empresario<\/strong> del coso virgitano, <strong>Jos\u00e9 Olivencia.<\/strong><\/p>\n<p style=\"text-align: justify;\">La corrida tendr\u00e1 lugar el pr\u00f3ximo<strong> s\u00e1bado, 4 de agosto<\/strong> a partir de las <strong>19:30 horas<\/strong> y para la que se espera una masiva afluencia de p\u00fablico tras la enorme expectaci\u00f3n levantada en la presentaci\u00f3n de la gran &#8216;Corrida Mixta&#8217;.<\/p>\n<ul>\n<li style=\"text-align: justify;\"><em><strong><span style=\"text-decoration: underline;\">S\u00e1bado 4 de agosto:<\/span> Toros de Mart\u00edn Lorca y El Torero para, L\u00e9a Vicens, David Fandila &#8216;El Fandi&#8217; y Sebasti\u00e1n Castella.<\/strong><\/em><\/li>\n<\/ul>\n<p><img loading=\"lazy\" class=\"size-medium wp-image-3835 aligncenter\" src=\"http:\/\/leavicens.com\/lvicens\/wp-content\/uploads\/2018\/07\/Cartel-de-Berja-176x300.jpg\" alt=\"\" width=\"176\" height=\"300\" \/><\/p>\n","protected":false},"excerpt":{"rendered":"<p><img loading=\"lazy\" class=\"size-medium wp-image-3837 aligncenter\" src=\"http:\/\/leavicens.com\/lvicens\/wp-content\/uploads\/2018\/07\/Presentaci\u00f3n-Berja-300x202.jpg\" alt=\"\" width=\"300\" height=\"202\" \/><\/p>\n<p style=\"text-align: center;\"><em>Acto de presentaci\u00f3n de la &#8216;Corrida&#8230;<\/p>\n","protected":false},"author":4,"featured_media":3837,"comment_status":"open","ping_status":"open","sticky":true,"template":"","format":"standard","meta":[],"categories":[20,1],"tags":[],"_links":{"self":[{"href":"https:\/\/leavicens.com\/fr_FR\/wp-json\/wp\/v2\/posts\/3833"}],"collection":[{"href":"https:\/\/leavicens.com\/fr_FR\/wp-json\/wp\/v2\/posts"}],"about":[{"href":"https:\/\/leavicens.com\/fr_FR\/wp-json\/wp\/v2\/types\/post"}],"author":[{"embeddable":true,"href":"https:\/\/leavicens.com\/fr_FR\/wp-json\/wp\/v2\/users\/4"}],"replies":[{"embeddable":true,"href":"https:\/\/leavicens.com\/fr_FR\/wp-json\/wp\/v2\/comments?post=3833"}],"version-history":[{"count":3,"href":"https:\/\/leavicens.com\/fr_FR\/wp-json\/wp\/v2\/posts\/3833\/revisions"}],"predecessor-version":[{"id":3840,"href":"https:\/\/leavicens.com\/fr_FR\/wp-json\/wp\/v2\/posts\/3833\/revisions\/3840"}],"wp:featuredmedia":[{"embeddable":true,"href":"https:\/\/leavicens.com\/fr_FR\/wp-json\/wp\/v2\/media\/3837"}],"wp:attachment":[{"href":"https:\/\/leavicens.com\/fr_FR\/wp-json\/wp\/v2\/media?parent=3833"}],"wp:term":[{"taxonomy":"category","embeddable":true,"href":"https:\/\/leavicens.com\/fr_FR\/wp-json\/wp\/v2\/categories?post=3833"},{"taxonomy":"post_tag","embeddable":true,"href":"https:\/\/leavicens.com\/fr_FR\/wp-json\/wp\/v2\/tags?post=3833"}],"curies":[{"name":"wp","href":"https:\/\/api.w.org\/{rel}","templated":true}]}}