{"id":3843,"date":"2018-07-08T23:40:24","date_gmt":"2018-07-08T21:40:24","guid":{"rendered":"http:\/\/leavicens.com\/?p=3843"},"modified":"2018-07-13T12:16:50","modified_gmt":"2018-07-13T10:16:50","slug":"lea-vicens-regresa-un-ano-mas-a-la-prestigiosa-feria-de-dax-francia","status":"publish","type":"post","link":"https:\/\/leavicens.com\/fr_FR\/lea-vicens-regresa-un-ano-mas-a-la-prestigiosa-feria-de-dax-francia\/","title":{"rendered":"L\u00c9A VICENS, REGRESA UN A\u00d1O M\u00c1S A LA PRESTIGIOSA FERIA DE DAX &#8211; FRANCIA"},"content":{"rendered":"<p style=\"text-align: center;\"><img loading=\"lazy\" class=\"size-medium wp-image-3844 aligncenter\" src=\"http:\/\/leavicens.com\/lvicens\/wp-content\/uploads\/2018\/07\/Foto-servicio-comunicacion-de-la-ciudad-de-Dax-300x152.jpg\" alt=\"\" width=\"300\" height=\"152\" \/><em>Acto de presentaci\u00f3n oficial de los carteles<\/em><\/p>\n<p>&nbsp;<\/p>\n<p style=\"text-align: justify;\">Los salones del <strong>Hotel Splendid, <\/strong>(Dax) monumento hist\u00f3rico de la ciudad recientemente renovado, con casi 500 personas, la Alcaldesa, Sra.\u00a0<strong>Elisabeth Bonjean<\/strong>\u00a0y\u00a0<strong>Jacques P\u00e8ne<\/strong>, presidente de la comisi\u00f3n taurina, presentaron oficialmente los <strong>carteles de la Temporada 2018<\/strong> <strong>de Dax. <\/strong><\/p>\n<p style=\"text-align: justify;\">Al acto tambi\u00e9n acudieron el matador de toros Juan Bautista, del novillero\u00a0<strong>\u2018El Adoure\u00f1o\u2019\u00a0<\/strong>y de los ganaderos Victorino Mart\u00edn y Luis Uranga del hierro de Pedraza de Yeltes.<\/p>\n<p style=\"text-align: justify;\">Estos son los carteles:<\/p>\n<p style=\"text-align: justify;\">.- Domingo 12 de Agosto: <em>(Por la ma\u00f1ana) <\/em><\/p>\n<p style=\"text-align: justify;\">Corrida con toros de Hermanos Garc\u00eda Jim\u00e9nez para Juan Jos\u00e9 Padilla, Jos\u00e9 Maria Manzanares y Andr\u00e9s Roca Rey.<\/p>\n<p style=\"text-align: justify;\">.- Domingo 12 de Agosto: <em>(Por la tarde)<\/em><\/p>\n<p style=\"text-align: justify;\">Corrida de toros de Santiago Domecq para Sebasti\u00e1n Castella, Gin\u00e9s Mar\u00edn y Jes\u00fas Enrique Colombo.<\/p>\n<p style=\"text-align: justify;\">.- Lunes 13 de Agosto: <em>(Por la ma\u00f1ana)<\/em><\/p>\n<p style=\"text-align: justify;\">Concurso de novillada sin caballos con erales de la ganader\u00eda del Lartet para becerristas por definir.<\/p>\n<p style=\"text-align: justify;\">.- Lunes 13 de Agosto: <em>(Por la tarde)<\/em><\/p>\n<p style=\"text-align: justify;\">Corrida con toros de Pedraza de Yeltes para Rafaelillo, Daniel Luque y Emilio de Justo.<\/p>\n<p style=\"text-align: justify;\">.- Martes 14 de Agosto: <em>(Por la ma\u00f1ana)<\/em><\/p>\n<p style=\"text-align: justify;\">Final del concurso de novillada sin caballos con erales de Guadaira.<\/p>\n<p style=\"text-align: justify;\">.- Martes 14 de Agosto: <em>(Por la tarde)<\/em><\/p>\n<p style=\"text-align: justify;\">Corrida con toros de Victorino, La Quinta, Pedraza de Yeltes, Jandilla, Montalvo y La Dehesilla para Juan Bautista (\u00danico espada).<\/p>\n<ul style=\"text-align: justify;\">\n<li><strong><u>Mi\u00e9rcoles 15 de Agosto:<\/u><\/strong> <em>(Por la ma\u00f1ana) <strong>Corrida de rejones con toros de Los Espartales para Sergio Gal\u00e1n, Andy Cartagena y L\u00e9a Vicens.<\/strong><\/em><\/li>\n<\/ul>\n<p style=\"text-align: justify;\">.- Mi\u00e9rcoles 15 de Agosto: <em>(Por la tarde)<\/em><\/p>\n<p style=\"text-align: justify;\">Corrida con toros de Ana Romero para Thomas Dufau, Juan del \u00c1lamo y un \u00faltimo torero por designar.<\/p>\n<p><img loading=\"lazy\" class=\"size-medium wp-image-3845 aligncenter\" src=\"http:\/\/leavicens.com\/lvicens\/wp-content\/uploads\/2018\/07\/Dax-2018-cartel-La-Feria-198x300.jpg\" alt=\"\" width=\"198\" height=\"300\" \/><\/p>\n<p>&nbsp;<\/p>\n","protected":false},"excerpt":{"rendered":"<p style=\"text-align: center;\"><img loading=\"lazy\" class=\"size-medium wp-image-3844 aligncenter\" src=\"http:\/\/leavicens.com\/lvicens\/wp-content\/uploads\/2018\/07\/Foto-servicio-comunicacion-de-la-ciudad-de-Dax-300x152.jpg\" alt=\"\" width=\"300\" height=\"152\" \/><em>Acto de p&#8230;<\/p>\n","protected":false},"author":4,"featured_media":3846,"comment_status":"open","ping_status":"open","sticky":true,"template":"","format":"standard","meta":[],"categories":[20,1],"tags":[],"_links":{"self":[{"href":"https:\/\/leavicens.com\/fr_FR\/wp-json\/wp\/v2\/posts\/3843"}],"collection":[{"href":"https:\/\/leavicens.com\/fr_FR\/wp-json\/wp\/v2\/posts"}],"about":[{"href":"https:\/\/leavicens.com\/fr_FR\/wp-json\/wp\/v2\/types\/post"}],"author":[{"embeddable":true,"href":"https:\/\/leavicens.com\/fr_FR\/wp-json\/wp\/v2\/users\/4"}],"replies":[{"embeddable":true,"href":"https:\/\/leavicens.com\/fr_FR\/wp-json\/wp\/v2\/comments?post=3843"}],"version-history":[{"count":2,"href":"https:\/\/leavicens.com\/fr_FR\/wp-json\/wp\/v2\/posts\/3843\/revisions"}],"predecessor-version":[{"id":3848,"href":"https:\/\/leavicens.com\/fr_FR\/wp-json\/wp\/v2\/posts\/3843\/revisions\/3848"}],"wp:featuredmedia":[{"embeddable":true,"href":"https:\/\/leavicens.com\/fr_FR\/wp-json\/wp\/v2\/media\/3846"}],"wp:attachment":[{"href":"https:\/\/leavicens.com\/fr_FR\/wp-json\/wp\/v2\/media?parent=3843"}],"wp:term":[{"taxonomy":"category","embeddable":true,"href":"https:\/\/leavicens.com\/fr_FR\/wp-json\/wp\/v2\/categories?post=3843"},{"taxonomy":"post_tag","embeddable":true,"href":"https:\/\/leavicens.com\/fr_FR\/wp-json\/wp\/v2\/tags?post=3843"}],"curies":[{"name":"wp","href":"https:\/\/api.w.org\/{rel}","templated":true}]}}