{"id":3860,"date":"2018-07-14T23:52:47","date_gmt":"2018-07-14T21:52:47","guid":{"rendered":"http:\/\/leavicens.com\/?p=3860"},"modified":"2018-07-15T04:55:02","modified_gmt":"2018-07-15T02:55:02","slug":"lea-vicens-cumbre-en-san-fernando-con-tres-orejas-y-un-rabo","status":"publish","type":"post","link":"https:\/\/leavicens.com\/fr_FR\/lea-vicens-cumbre-en-san-fernando-con-tres-orejas-y-un-rabo\/","title":{"rendered":"L\u00c9A VICENS, CUMBRE EN SAN FERNANDO CON TRES OREJAS Y UN RABO"},"content":{"rendered":"<p><img loading=\"lazy\" class=\"size-medium wp-image-3862 alignleft\" src=\"http:\/\/leavicens.com\/lvicens\/wp-content\/uploads\/2018\/07\/MG_2305-300x186.jpg\" alt=\"\" width=\"300\" height=\"186\" \/><img loading=\"lazy\" class=\" wp-image-3863 alignright\" src=\"http:\/\/leavicens.com\/lvicens\/wp-content\/uploads\/2018\/07\/f800x450-133088_184534_11-300x169.jpg\" alt=\"\" width=\"326\" height=\"184\" \/><\/p>\n<p>&nbsp;<\/p>\n<p>&nbsp;<\/p>\n<p>&nbsp;<\/p>\n<p>&nbsp;<\/p>\n<p>&nbsp;<\/p>\n<p><img loading=\"lazy\" class=\"size-medium wp-image-3861 aligncenter\" src=\"http:\/\/leavicens.com\/lvicens\/wp-content\/uploads\/2018\/07\/133011-300x202.jpg\" alt=\"\" width=\"300\" height=\"202\" \/><\/p>\n<p style=\"text-align: center;\"><strong>\u00abL\u00e9a enorme toda la tarde, firmando un faen\u00f3n al cuarto\u00bb<\/strong><\/p>\n<p style=\"text-align: justify;\"><strong>L\u00e9a Vicens<\/strong>\u00a0y\u00a0<strong>David Galv\u00e1n<\/strong>, empataron a trofeos con\u00a0<strong>tres orejas y rabo<\/strong>,\u00a0<strong>cada uno.<\/strong>\u00a0Por su parte,\u00a0<strong>\u2018El Fandi\u2019,<\/strong>\u00a0se llev\u00f3 un total de\u00a0<strong>cuatro ap\u00e9ndices.<\/strong><strong>Todos a hombros por la Puerta Grande.<\/strong>\u00a0Una tarde donde\u00a0<strong>la terna deleit\u00f3<\/strong>\u00a0con sus respectivas actuaciones.<\/p>\n<p style=\"text-align: justify;\"><strong>El rej\u00f3n\u00a0<\/strong>en la suerte suprema<strong>\u00a0priv\u00f3 a Lea Vicens<\/strong>\u00a0de las dos orejas al primero. Varios\u00a0<strong>pinchazos inoportunos<\/strong>\u00a0emborronaron una\u00a0<strong>gran faena de Lea a un buen astado de Prieto de Cal.<\/strong>\u00a0La francesa imprimi\u00f3\u00a0<strong>ritmo, elegancia y temple en una labor de muchos enteros<\/strong>. Mont\u00f3 a\u00a0<strong><em>Guitarra, Nadal Espont\u00e1neo, Diluvio\u00a0<\/em><\/strong><em>y<strong>\u00a0Deseado<\/strong><\/em>.\u00a0La nime\u00f1a estructur\u00f3 una faena donde\u00a0<strong>brill\u00f3 en todos los tercios<\/strong>\u00a0<strong>con una magnifica conjunci\u00f3n con su cuadra.<\/strong>\u00a0Oreja.<\/p>\n<p style=\"text-align: justify;\"><strong>L\u00e9a tir\u00f3 de raza y gran rejoneo ante el rajadito pero manejable que hizo cuarto.<\/strong>\u00a0La francesa estuvo a un\u00a0<strong>excelente nivel con\u00a0<em>Petit Pois, Bazuca, Diamante\u00a0<\/em>y Jazm\u00edn.<\/strong>\u00a0Con ellos, \u00a0e<strong>ncandil\u00f3 a la entregada plaza\u00a0<\/strong>que se meti\u00f3 de lleno en tan gran obra.\u00a0<strong>Lea Vicens conjunt\u00f3 un faen\u00f3n donde hubo sinfon\u00eda, variedad y pureza.<\/strong>\u00a0<strong>Enfrontil\u00f3 siempre de frente, ech\u00f3 a los jacos \u201cpa\u2019lante\u201d dando los pechos y reuni\u00f3 en los mismos medios.<\/strong>\u00a0Una brillante actuaci\u00f3n que result\u00f3\u00a0<strong>cumbre en ejecuci\u00f3n y torer\u00eda<\/strong>.\u00a0<em>Quiebros, Piaffe, Passage, Tierra a Tierra, Reverencia, alzadas, Noria, Potencia, Dos Pistas\u00a0<\/em>y un largo \u00e9tc, de suertes de alta escuela. Finaliz\u00f3 con un\u00a0<strong>soberbio rejonazo sin puntilla.<\/strong>\u00a0Dos y rabo.<\/p>\n<p><em><strong>Cultoro.com:<\/strong>\u00a0http:\/\/www.cultoro.es\/festejos\/2018\/7\/14\/diez-orejas-dos-rabos-en-san-fernando-31140.html<\/em><\/p>\n<p><em><u>FICHA DEL FESTEJO<\/u><\/em><\/p>\n<p>S\u00e1bado 14 de julio de 2018<\/p>\n<p>Plaza de toros de San Fernando (C\u00e1diz).<\/p>\n<p>Corrida de toros mixta.<\/p>\n<p>Entrada: Tres cuartos de plaza.<\/p>\n<p>Prieto de la Cal, buenos para rejones y los de\u00a0Toros de La Plata, complicados en general.<\/p>\n<p><strong>Lea Vicens;\u00a0<\/strong>Oreja y Dos orejas y rabo.<\/p>\n<p>\u2018El Fandi\u2019; Dos orejas y Dos orejas.<\/p>\n<p>David Galv\u00e1n; Oreja y Dos orejas y rabo.<\/p>\n<p><em>Parte Facultativo:\u00a0<\/em><strong><em>\u201c<\/em><\/strong><em>David Galv\u00e1n herida en superficie de la regi\u00f3n frontal-parietal provocada durante la lidia del sexto toro\u201d.<\/em><\/p>\n<p><em>Fdo. Dr. Domingo Jim\u00e9nez<\/em><\/p>\n<p>&nbsp;<\/p>\n<p><em><span style=\"text-decoration: underline;\">Fotos:<\/span> Cultoro \/ Eva Morales<\/em><\/p>\n","protected":false},"excerpt":{"rendered":"<p><img loading=\"lazy\" class=\"size-medium wp-image-3862 alignleft\" src=\"http:\/\/leavicens.com\/lvicens\/wp-content\/uploads\/2018\/07\/MG_2305-300x186.jpg\" alt=\"\" width=\"300\" height=\"186\" \/><img class=\" wp-image-3863 alignright\" src=\"http:\/\/leavicens.com\/lvicens\/wp-content\/u...\n<\/p>\n","protected":false},"author":4,"featured_media":3861,"comment_status":"open","ping_status":"open","sticky":true,"template":"","format":"standard","meta":[],"categories":[20,1],"tags":[],"_links":{"self":[{"href":"https:\/\/leavicens.com\/fr_FR\/wp-json\/wp\/v2\/posts\/3860"}],"collection":[{"href":"https:\/\/leavicens.com\/fr_FR\/wp-json\/wp\/v2\/posts"}],"about":[{"href":"https:\/\/leavicens.com\/fr_FR\/wp-json\/wp\/v2\/types\/post"}],"author":[{"embeddable":true,"href":"https:\/\/leavicens.com\/fr_FR\/wp-json\/wp\/v2\/users\/4"}],"replies":[{"embeddable":true,"href":"https:\/\/leavicens.com\/fr_FR\/wp-json\/wp\/v2\/comments?post=3860"}],"version-history":[{"count":3,"href":"https:\/\/leavicens.com\/fr_FR\/wp-json\/wp\/v2\/posts\/3860\/revisions"}],"predecessor-version":[{"id":3866,"href":"https:\/\/leavicens.com\/fr_FR\/wp-json\/wp\/v2\/posts\/3860\/revisions\/3866"}],"wp:featuredmedia":[{"embeddable":true,"href":"https:\/\/leavicens.com\/fr_FR\/wp-json\/wp\/v2\/media\/3861"}],"wp:attachment":[{"href":"https:\/\/leavicens.com\/fr_FR\/wp-json\/wp\/v2\/media?parent=3860"}],"wp:term":[{"taxonomy":"category","embeddable":true,"href":"https:\/\/leavicens.com\/fr_FR\/wp-json\/wp\/v2\/categories?post=3860"},{"taxonomy":"post_tag","embeddable":true,"href":"https:\/\/leavicens.com\/fr_FR\/wp-json\/wp\/v2\/tags?post=3860"}],"curies":[{"name":"wp","href":"https:\/\/api.w.org\/{rel}","templated":true}]}}