{"id":3900,"date":"2018-07-26T16:51:53","date_gmt":"2018-07-26T14:51:53","guid":{"rendered":"http:\/\/leavicens.com\/?p=3900"},"modified":"2018-07-27T17:16:15","modified_gmt":"2018-07-27T15:16:15","slug":"lea-vicens-lider-abosluto-del-escalafon-de-rejoneadores","status":"publish","type":"post","link":"https:\/\/leavicens.com\/fr_FR\/lea-vicens-lider-abosluto-del-escalafon-de-rejoneadores\/","title":{"rendered":"L\u00c9A VICENS, &#8216;LIDER ABOSLUTO&#8217; DEL ESCALAF\u00d3N DE REJONEADORES"},"content":{"rendered":"<p style=\"text-align: justify;\"><em><strong>\u00abLea Vicens<\/strong>\u00a0<strong>afronta una de sus campa\u00f1as m\u00e1s importantes. <span style=\"text-decoration: underline;\">L\u00edder en solitario del escalaf\u00f3n<\/span><\/strong> <strong><span style=\"text-decoration: underline;\">a caballo<\/span>, la rejoneadora francesa estar\u00e1 en todas las ferias espa\u00f1olas\u00bb<\/strong><\/em><\/p>\n<p style=\"text-align: justify;\"><span style=\"text-decoration: underline;\"><strong>Tras una primera parte de la temporada habiendo realizado el paseillo en 21<\/strong> <strong>ocasiones<\/strong> <\/span>y coloc\u00e1ndose l\u00edder en solitario del escalaf\u00f3n a caballo.\u00a0<strong>Lea Vicens\u00a0<\/strong>afronta el grueso de su campa\u00f1a con las miras puestas en encabezar la clasificaci\u00f3n a final de a\u00f1o.<\/p>\n<p style=\"text-align: justify;\"><strong>Bayonna<\/strong>,\u00a0<strong>Dax<\/strong>,\u00a0<strong>Beziers<\/strong>,\u00a0<strong>Gij\u00f3n<\/strong>,<strong>\u00a0\u00cdscar<\/strong>,\u00a0<strong>Bilbao<\/strong>,\u00a0<strong>M\u00e1laga<\/strong>,\u00a0<strong>Cuenca<\/strong>,\u00a0<strong>Almer\u00eda<\/strong>\u00a0y\u00a0<strong>Logro\u00f1o<\/strong>\u00a0son algunos de los pr\u00f3ximos compromisos de la rejoneadora francesa, que ser\u00e1 la \u00fanica del escalaf\u00f3n que, presumiblemente, <span style=\"text-decoration: underline;\"><strong>supere el medio centenar de festejos a final de a\u00f1o.<\/strong><\/span><\/p>\n<p style=\"text-align: justify;\">Culpa de ello la tienen sus recientes triunfos en\u00a0<strong>Madrid<\/strong>,\u00a0<strong>Sevilla<\/strong>,<strong>\u00a0Nimes<\/strong>, <strong>Granada,<\/strong>\u00a0<strong>Alicante<\/strong>\u00a0y\u00a0<strong>Burgos<\/strong>, entre otras, que la acreditan como uno de los referentes del toreo a caballo de la actualidad.<\/p>\n","protected":false},"excerpt":{"rendered":"<p>\u00abLea Vicens\u00a0afronta una de sus campa\u00f1as m\u00e1s importantes. L\u00edder en solitario del escalaf\u00f3n a caballo, la rejoneadora francesa estar\u00e1 en&#8230;<\/p>\n","protected":false},"author":4,"featured_media":3901,"comment_status":"open","ping_status":"open","sticky":true,"template":"","format":"standard","meta":[],"categories":[20,1],"tags":[],"_links":{"self":[{"href":"https:\/\/leavicens.com\/fr_FR\/wp-json\/wp\/v2\/posts\/3900"}],"collection":[{"href":"https:\/\/leavicens.com\/fr_FR\/wp-json\/wp\/v2\/posts"}],"about":[{"href":"https:\/\/leavicens.com\/fr_FR\/wp-json\/wp\/v2\/types\/post"}],"author":[{"embeddable":true,"href":"https:\/\/leavicens.com\/fr_FR\/wp-json\/wp\/v2\/users\/4"}],"replies":[{"embeddable":true,"href":"https:\/\/leavicens.com\/fr_FR\/wp-json\/wp\/v2\/comments?post=3900"}],"version-history":[{"count":1,"href":"https:\/\/leavicens.com\/fr_FR\/wp-json\/wp\/v2\/posts\/3900\/revisions"}],"predecessor-version":[{"id":3902,"href":"https:\/\/leavicens.com\/fr_FR\/wp-json\/wp\/v2\/posts\/3900\/revisions\/3902"}],"wp:featuredmedia":[{"embeddable":true,"href":"https:\/\/leavicens.com\/fr_FR\/wp-json\/wp\/v2\/media\/3901"}],"wp:attachment":[{"href":"https:\/\/leavicens.com\/fr_FR\/wp-json\/wp\/v2\/media?parent=3900"}],"wp:term":[{"taxonomy":"category","embeddable":true,"href":"https:\/\/leavicens.com\/fr_FR\/wp-json\/wp\/v2\/categories?post=3900"},{"taxonomy":"post_tag","embeddable":true,"href":"https:\/\/leavicens.com\/fr_FR\/wp-json\/wp\/v2\/tags?post=3900"}],"curies":[{"name":"wp","href":"https:\/\/api.w.org\/{rel}","templated":true}]}}